{"id":114083,"date":"2021-03-31T09:18:49","date_gmt":"2021-03-31T13:18:49","guid":{"rendered":"https:\/\/linitiative.ca\/International\/le-maire-de-loumbila-dr-paul-taryam-ilboudo-est-decede\/"},"modified":"2021-03-31T09:18:49","modified_gmt":"2021-03-31T13:18:49","slug":"le-maire-de-loumbila-dr-paul-taryam-ilboudo-est-decede","status":"publish","type":"post","link":"https:\/\/linitiative.ca\/International\/le-maire-de-loumbila-dr-paul-taryam-ilboudo-est-decede\/","title":{"rendered":"Le maire de Loumbila, \u00a0Dr Paul Taryam Ilboudo, est d\u00e9c\u00e9d\u00e9"},"content":{"rendered":"<div class=\"td-post-featured-image\"><a href=\"https:\/\/www.sidwaya.info\/wp-content\/uploads\/2021\/03\/WhatsApp-Image-2021-03-31-at-13.33.51.jpeg\" data-caption=\"\"><img loading=\"lazy\" decoding=\"async\" width=\"696\" height=\"522\" class=\"entry-thumb td-modal-image\" src=\"https:\/\/www.sidwaya.info\/wp-content\/uploads\/2021\/03\/WhatsApp-Image-2021-03-31-at-13.33.51-696x522.jpeg\" srcset=\"https:\/\/www.sidwaya.info\/wp-content\/uploads\/2021\/03\/WhatsApp-Image-2021-03-31-at-13.33.51-696x522.jpeg 696w, https:\/\/www.sidwaya.info\/wp-content\/uploads\/2021\/03\/WhatsApp-Image-2021-03-31-at-13.33.51-300x225.jpeg 300w, https:\/\/www.sidwaya.info\/wp-content\/uploads\/2021\/03\/WhatsApp-Image-2021-03-31-at-13.33.51-768x576.jpeg 768w, https:\/\/www.sidwaya.info\/wp-content\/uploads\/2021\/03\/WhatsApp-Image-2021-03-31-at-13.33.51-150x113.jpeg 150w, https:\/\/www.sidwaya.info\/wp-content\/uploads\/2021\/03\/WhatsApp-Image-2021-03-31-at-13.33.51-560x420.jpeg 560w, https:\/\/www.sidwaya.info\/wp-content\/uploads\/2021\/03\/WhatsApp-Image-2021-03-31-at-13.33.51-80x60.jpeg 80w, https:\/\/www.sidwaya.info\/wp-content\/uploads\/2021\/03\/WhatsApp-Image-2021-03-31-at-13.33.51-265x198.jpeg 265w, https:\/\/www.sidwaya.info\/wp-content\/uploads\/2021\/03\/WhatsApp-Image-2021-03-31-at-13.33.51.jpeg 900w\" sizes=\"auto, (max-width: 696px) 100vw, 696px\" alt=\"\" title=\"WhatsApp Image 2021-03-31 at 13.33.51\"\/><\/a><\/div>\n<p>Le maire de Loumbila, \u00a0\u00a0Dr Paul Taryam Ilboudo, est d\u00e9c\u00e9d\u00e9 ce matin de suite d\u2019une courte maladie.<\/p>\n<div class=\"td-a-rec td-a-rec-id-content_bottom tdi_33_644 td_block_template_1\">\n<style><![CDATA[\n<![CDATA[\n\/* custom css *\/\n.tdi_33_644.td-a-rec{\n                                        text-align: center;\n                                }.tdi_33_644 .td-element-style{\n                                        z-index: -1;\n                                }.tdi_33_644.td-a-rec-img{\n                                    text-align: left;\n                                }.tdi_33_644.td-a-rec-img img{\n                    margin: 0 auto 0 0;\n                }@media (max-width: 767px) {\n                                    .tdi_33_644.td-a-rec-img {\n                                        text-align: center;\n                                    }\n                }\n]]]]><![CDATA[>\n]]><\/style>\n<p><img loading=\"lazy\" decoding=\"async\" class=\"aligncenter size-full wp-image-27454\" src=\"https:\/\/www.sidwaya.info\/wp-content\/uploads\/2020\/10\/PUB-Bandeau-paiement-mobile-siteweb.jpg\" alt=\"\" width=\"728\" height=\"90\"\/><\/div>\n<p>Auteur: BS. Sidwaya<br \/>\n<a href=\"https:\/\/www.sidwaya.info\/blog\/2021\/03\/31\/le-maire-de-loumbila-dr-paul-taryam-ilboudo-est-decede\/\">Cliquez ici pour lire l&rsquo;article depuis sa source.<\/a><\/p>\n","protected":false},"excerpt":{"rendered":"<p>Le maire de Loumbila, \u00a0\u00a0Dr Paul Taryam Ilboudo, est d\u00e9c\u00e9d\u00e9 ce matin de suite d\u2019une courte maladie. Auteur: BS. Sidwaya Cliquez ici pour lire l&rsquo;article depuis sa source.<\/p>\n","protected":false},"author":1816,"featured_media":0,"comment_status":"closed","ping_status":"closed","sticky":false,"template":"","format":"standard","meta":{"fifu_image_url":"https:\/\/www.sidwaya.info\/wp-content\/uploads\/2021\/03\/WhatsApp-Image-2021-03-31-at-13.33.51-696x522.jpeg","fifu_image_alt":"Le maire de Loumbila, \u00a0Dr Paul Taryam Ilboudo, est d\u00e9c\u00e9d\u00e9","footnotes":""},"categories":[73,81],"tags":[],"class_list":["post-114083","post","type-post","status-publish","format-standard","hentry","category-actualite","category-burkina-faso"],"_links":{"self":[{"href":"https:\/\/linitiative.ca\/International\/wp-json\/wp\/v2\/posts\/114083","targetHints":{"allow":["GET"]}}],"collection":[{"href":"https:\/\/linitiative.ca\/International\/wp-json\/wp\/v2\/posts"}],"about":[{"href":"https:\/\/linitiative.ca\/International\/wp-json\/wp\/v2\/types\/post"}],"author":[{"embeddable":true,"href":"https:\/\/linitiative.ca\/International\/wp-json\/wp\/v2\/users\/1816"}],"replies":[{"embeddable":true,"href":"https:\/\/linitiative.ca\/International\/wp-json\/wp\/v2\/comments?post=114083"}],"version-history":[{"count":0,"href":"https:\/\/linitiative.ca\/International\/wp-json\/wp\/v2\/posts\/114083\/revisions"}],"wp:attachment":[{"href":"https:\/\/linitiative.ca\/International\/wp-json\/wp\/v2\/media?parent=114083"}],"wp:term":[{"taxonomy":"category","embeddable":true,"href":"https:\/\/linitiative.ca\/International\/wp-json\/wp\/v2\/categories?post=114083"},{"taxonomy":"post_tag","embeddable":true,"href":"https:\/\/linitiative.ca\/International\/wp-json\/wp\/v2\/tags?post=114083"}],"curies":[{"name":"wp","href":"https:\/\/api.w.org\/{rel}","templated":true}]}}