{"id":114085,"date":"2021-03-31T12:30:28","date_gmt":"2021-03-31T16:30:28","guid":{"rendered":"https:\/\/linitiative.ca\/International\/conseil-des-ministres-bientot-un-avant-projet-de-loi-sur-les-drones-civils\/"},"modified":"2021-03-31T12:30:28","modified_gmt":"2021-03-31T16:30:28","slug":"conseil-des-ministres-bientot-un-avant-projet-de-loi-sur-les-drones-civils","status":"publish","type":"post","link":"https:\/\/linitiative.ca\/International\/conseil-des-ministres-bientot-un-avant-projet-de-loi-sur-les-drones-civils\/","title":{"rendered":"Conseil des ministres : Bient\u00f4t un avant-projet de loi sur les drones civils"},"content":{"rendered":"<div class=\"td-post-featured-image\"><a href=\"https:\/\/www.sidwaya.info\/wp-content\/uploads\/2021\/03\/drone.jpg\" data-caption=\"\"><img loading=\"lazy\" decoding=\"async\" width=\"284\" height=\"177\" class=\"entry-thumb td-modal-image\" src=\"https:\/\/www.sidwaya.info\/wp-content\/uploads\/2021\/03\/drone.jpg\" srcset=\"https:\/\/www.sidwaya.info\/wp-content\/uploads\/2021\/03\/drone.jpg 284w, https:\/\/www.sidwaya.info\/wp-content\/uploads\/2021\/03\/drone-150x93.jpg 150w\" sizes=\"auto, (max-width: 284px) 100vw, 284px\" alt=\"\" title=\"drone\"\/><\/a><\/div>\n<p><strong>Le conseil des ministres de ce mercredi 31 mars 2021 a adopt\u00e9 un rapport sur l\u2019\u00e9laboration d\u2019un avant-projet de loi portant r\u00e9gime juridique applicable aux drones civiles au Burkina Faso.<\/strong><\/p>\n<p>Le conseil des ministres de ce mercredi a fait savoir que les drones civils menacent les donn\u00e9es \u00e0 caract\u00e8re personnels, la s\u00e9curit\u00e9 des syst\u00e8mes d\u2019informations en passant par la s\u00e9curit\u00e9 publique, la suret\u00e9 de l\u2019Etat et la s\u00e9curit\u00e9 de la navigation a\u00e9rienne et les risques d\u2019interf\u00e9rence dans la gestion des fr\u00e9quences.<\/p>\n<p><strong>La R\u00e9daction<\/strong><\/p>\n<div class=\"td-a-rec td-a-rec-id-content_bottom tdi_33_4cc td_block_template_1\">\n<p><img loading=\"lazy\" decoding=\"async\" class=\"aligncenter size-full wp-image-27454\" src=\"https:\/\/www.sidwaya.info\/wp-content\/uploads\/2020\/10\/PUB-Bandeau-paiement-mobile-siteweb.jpg\" alt=\"\" width=\"728\" height=\"90\"\/><\/div>\n<p>Auteur: Wamini SIDWAYA<br \/>\n<a href=\"https:\/\/www.sidwaya.info\/blog\/2021\/03\/31\/conseil-des-ministres-bientot-un-avant-projet-de-loi-sur-les-drones-civils\/\">Cliquez ici pour lire l&rsquo;article depuis sa source.<\/a><\/p>\n","protected":false},"excerpt":{"rendered":"<p>Le conseil des ministres de ce mercredi 31 mars 2021 a adopt\u00e9 un rapport sur l\u2019\u00e9laboration d\u2019un avant-projet de loi portant r\u00e9gime juridique applicable aux drones civiles au Burkina Faso. Le conseil des ministres de ce mercredi a fait savoir que les drones civils menacent les donn\u00e9es \u00e0 caract\u00e8re personnels, la s\u00e9curit\u00e9 des syst\u00e8mes d\u2019informations [&hellip;]<\/p>\n","protected":false},"author":1816,"featured_media":0,"comment_status":"closed","ping_status":"closed","sticky":false,"template":"","format":"standard","meta":{"fifu_image_url":"https:\/\/www.sidwaya.info\/wp-content\/uploads\/2021\/03\/drone.jpg","fifu_image_alt":"Conseil des ministres : Bient\u00f4t un avant-projet de loi sur les drones civils","footnotes":""},"categories":[73,81],"tags":[],"class_list":["post-114085","post","type-post","status-publish","format-standard","hentry","category-actualite","category-burkina-faso"],"_links":{"self":[{"href":"https:\/\/linitiative.ca\/International\/wp-json\/wp\/v2\/posts\/114085","targetHints":{"allow":["GET"]}}],"collection":[{"href":"https:\/\/linitiative.ca\/International\/wp-json\/wp\/v2\/posts"}],"about":[{"href":"https:\/\/linitiative.ca\/International\/wp-json\/wp\/v2\/types\/post"}],"author":[{"embeddable":true,"href":"https:\/\/linitiative.ca\/International\/wp-json\/wp\/v2\/users\/1816"}],"replies":[{"embeddable":true,"href":"https:\/\/linitiative.ca\/International\/wp-json\/wp\/v2\/comments?post=114085"}],"version-history":[{"count":0,"href":"https:\/\/linitiative.ca\/International\/wp-json\/wp\/v2\/posts\/114085\/revisions"}],"wp:attachment":[{"href":"https:\/\/linitiative.ca\/International\/wp-json\/wp\/v2\/media?parent=114085"}],"wp:term":[{"taxonomy":"category","embeddable":true,"href":"https:\/\/linitiative.ca\/International\/wp-json\/wp\/v2\/categories?post=114085"},{"taxonomy":"post_tag","embeddable":true,"href":"https:\/\/linitiative.ca\/International\/wp-json\/wp\/v2\/tags?post=114085"}],"curies":[{"name":"wp","href":"https:\/\/api.w.org\/{rel}","templated":true}]}}