{"id":114087,"date":"2021-03-31T13:18:01","date_gmt":"2021-03-31T17:18:01","guid":{"rendered":"https:\/\/linitiative.ca\/International\/lacquittement-de-gbagbo-et-charles-ble-goude-est-une-deception-amnesty\/"},"modified":"2021-03-31T13:18:01","modified_gmt":"2021-03-31T17:18:01","slug":"lacquittement-de-gbagbo-et-charles-ble-goude-est-une-deception-amnesty","status":"publish","type":"post","link":"https:\/\/linitiative.ca\/International\/lacquittement-de-gbagbo-et-charles-ble-goude-est-une-deception-amnesty\/","title":{"rendered":"L\u2019acquittement de Gbagbo et Charles Bl\u00e9 Goud\u00e9 est une \u00abd\u00e9ception\u00bb (Amnesty)"},"content":{"rendered":"<div readability=\"32\">\n<p>Publi\u00e9 le 31.03.2021 \u00e0 18h18 par APA News<\/p>\n<\/div>\n<div readability=\"73\">\n<p>La confirmation par la Cour p\u00e9nale internationale (CPI) de l\u2019acquittement de l\u2019ex-chef d\u2019Etat ivoirien Laurent Gbagbo et de son co-accus\u00e9 Charles Bl\u00e9 Goud\u00e9 est une \u00ab nouvelle d\u00e9ception pour les victimes des violences post\u00e9lectorales\u00bb, a r\u00e9agi Mich\u00e8le Eken, chercheuse sur l\u2019Afrique de l\u2019Ouest \u00e0 Amnesty International.<\/p>\n<p>\u00ab Les victimes des violences post\u00e9lectorales de 2010-2011 en C\u00f4te d\u2019Ivoire seront une nouvelle fois d\u00e9\u00e7ues aujourd\u2019hui, la CPI ayant confirm\u00e9 l\u2019acquittement de Laurent Gbagbo et de Charles Bl\u00e9 Goud\u00e9,\u00bb, explique Mme Eken, soulignant que cette d\u00e9cision de la CPI \u00ab signifie que le tribunal n\u2019a tenu personne responsable pour les crimes atroces commis pendant cette p\u00e9riode \u00bb.<\/p>\n<p>En outre, le 6 ao\u00fbt 2018, a-t-elle rappel\u00e9, le pr\u00e9sident Alassane Ouattara avait adopt\u00e9 une ordonnance accordant l\u2019amnistie \u00e0 800 personnes accus\u00e9es ou d\u00e9clar\u00e9es coupables de crimes li\u00e9s \u00e0 la crise de 2010-2011 ou d\u2019autres atteintes \u00e0 l\u2019autorit\u00e9 de l\u2019\u00c9tat.<\/p>\n<p>\u00ab Cela emp\u00eache les tribunaux nationaux d\u2019engager des poursuites pour les crimes de droit international ou d\u2019autres graves atteintes aux droits humains perp\u00e9tr\u00e9s en 2010-2011 et bafoue les obligations de la C\u00f4te d\u2019Ivoire au regard du droit international \u00bb d\u00e9plore Mich\u00e8le Eken.<\/p>\n<p>Selon elle, que ce soit \u00e0 l\u2019\u00e9chelle nationale ou internationale, les victimes des violences de 2010-2011 n\u2019ont toujours pas obtenu justice, pas plus que des r\u00e9parations pour les pr\u00e9judices subis.<\/p>\n<p>L\u2019ancien pr\u00e9sident ivoirien Laurent Gbagbo et son ex-ministre de la jeunesse, Charles Bl\u00e9 Goud\u00e9 \u00a0 \u00e9taient poursuivis devant la CPI pour quatre chefs de crimes contre \u00a0l\u2019humanit\u00e9 commis pendant la crise post\u00e9lectorale ivoirienne de \u00a02010-2011 qui a fait officiellement 3000 morts.<\/p>\n<p>Les deux c\u00e9l\u00e8bres \u00a0d\u00e9tenus avaient plaid\u00e9 tous les deux, non-coupables \u00e0 l\u2019ouverture de \u00a0leur proc\u00e8s conjoint le 28 janvier 2016.<\/p>\n<\/div>\n<p>Auteur: APA News<br \/>\n<a href=\"https:\/\/www.journalducameroun.com\/lacquittement-de-gbagbo-et-charles-ble-goude-est-une-deception-amnesty\/\">Cliquez ici pour lire l&rsquo;article depuis sa source.<\/a><\/p>\n","protected":false},"excerpt":{"rendered":"<p>Publi\u00e9 le 31.03.2021 \u00e0 18h18 par APA News La confirmation par la Cour p\u00e9nale internationale (CPI) de l\u2019acquittement de l\u2019ex-chef d\u2019Etat ivoirien Laurent Gbagbo et de son co-accus\u00e9 Charles Bl\u00e9 Goud\u00e9 est une \u00ab nouvelle d\u00e9ception pour les victimes des violences post\u00e9lectorales\u00bb, a r\u00e9agi Mich\u00e8le Eken, chercheuse sur l\u2019Afrique de l\u2019Ouest \u00e0 Amnesty International. \u00ab [&hellip;]<\/p>\n","protected":false},"author":1965,"featured_media":0,"comment_status":"closed","ping_status":"closed","sticky":false,"template":"","format":"standard","meta":{"fifu_image_url":"","fifu_image_alt":"","footnotes":""},"categories":[73,82],"tags":[],"class_list":["post-114087","post","type-post","status-publish","format-standard","hentry","category-actualite","category-cameroun"],"_links":{"self":[{"href":"https:\/\/linitiative.ca\/International\/wp-json\/wp\/v2\/posts\/114087","targetHints":{"allow":["GET"]}}],"collection":[{"href":"https:\/\/linitiative.ca\/International\/wp-json\/wp\/v2\/posts"}],"about":[{"href":"https:\/\/linitiative.ca\/International\/wp-json\/wp\/v2\/types\/post"}],"author":[{"embeddable":true,"href":"https:\/\/linitiative.ca\/International\/wp-json\/wp\/v2\/users\/1965"}],"replies":[{"embeddable":true,"href":"https:\/\/linitiative.ca\/International\/wp-json\/wp\/v2\/comments?post=114087"}],"version-history":[{"count":0,"href":"https:\/\/linitiative.ca\/International\/wp-json\/wp\/v2\/posts\/114087\/revisions"}],"wp:attachment":[{"href":"https:\/\/linitiative.ca\/International\/wp-json\/wp\/v2\/media?parent=114087"}],"wp:term":[{"taxonomy":"category","embeddable":true,"href":"https:\/\/linitiative.ca\/International\/wp-json\/wp\/v2\/categories?post=114087"},{"taxonomy":"post_tag","embeddable":true,"href":"https:\/\/linitiative.ca\/International\/wp-json\/wp\/v2\/tags?post=114087"}],"curies":[{"name":"wp","href":"https:\/\/api.w.org\/{rel}","templated":true}]}}