{"id":114090,"date":"2021-03-31T16:18:02","date_gmt":"2021-03-31T20:18:02","guid":{"rendered":"https:\/\/linitiative.ca\/International\/apres-son-acquittement-gbagbo-attendu-tres-bientot-a-abidjan\/"},"modified":"2021-03-31T16:18:02","modified_gmt":"2021-03-31T20:18:02","slug":"apres-son-acquittement-gbagbo-attendu-tres-bientot-a-abidjan","status":"publish","type":"post","link":"https:\/\/linitiative.ca\/International\/apres-son-acquittement-gbagbo-attendu-tres-bientot-a-abidjan\/","title":{"rendered":"Apr\u00e8s son acquittement, Gbagbo attendu \u00abtr\u00e8s bient\u00f4t\u00bb \u00e0 Abidjan"},"content":{"rendered":"<div readability=\"32\">\n<p>Publi\u00e9 le 31.03.2021 \u00e0 21h18 par APA News<\/p>\n<\/div>\n<div readability=\"101\">\n<p>L\u2019acquittement de Laurent Gbagbo et Bl\u00e9 Goud\u00e9 par la Cour p\u00e9nale internationale (CPI) est \u00ab une victoire pour la d\u00e9mocratie et la justice\u00bb, a dit mercredi Georges Armand Ou\u00e9gnin, pr\u00e9sident d\u2019EDS, une organisation politique dont l\u2019ex-pr\u00e9sident est le r\u00e9f\u00e9rent, laissant entendre qu\u2019il sera \u00e0 Abidjan \u00ab tr\u00e8s bient\u00f4t \u00bb.<\/p>\n<p>\u00ab Je me r\u00e9jouis de la d\u00e9cision de la Chambre d\u2019appel de la CPI qui acquitte d\u00e9finitivement le pr\u00e9sident Laurent Gbagbo et Charles Bl\u00e9 Goud\u00e9 \u00bb, a d\u00e9clar\u00e9 M. Georges Armand Ou\u00e9gnin, le pr\u00e9sident de Ensemble pour la d\u00e9mocratie et la souverainet\u00e9 (EDS), dans un entretien t\u00e9l\u00e9phonique \u00e0 APA. \u00a0<\/p>\n<p>Selon lui, \u00ab\u00a0le droit a \u00e9t\u00e9 dit\u00a0\u00bb et ce verdict vient confirmer le fait que \u00ab\u00a0Laurent Gbagbo n\u2019a jamais \u00e9t\u00e9 un criminel de guerre\u00a0\u00bb, mais \u00ab\u00a0\u00e9tait victime d\u2019une injustice\u00a0\u00bb, car l\u2019ex-pr\u00e9sident ivoirien, accus\u00e9 de crimes contre l\u2019humanit\u00e9 dans les violences post\u00e9lectorales de 2010-2011 \u00ab\u00a0est un homme de paix\u00a0\u00bb.<\/p>\n<p>\u00ab\u00a0Il reviendra avec un esprit de paix et de r\u00e9conciliation, parce qu\u2019il n\u2019a aucune haine dans le c\u0153ur, et je puis vous l\u2019affirmer\u00a0\u00bb, a lanc\u00e9 M. Armand Ou\u00e9gnin pour qui cette r\u00e9habilitation sonne comme \u00abune grande victoire pour la d\u00e9mocratie et pour la justice\u00a0\u00bb.<\/p>\n<p>M. Gbagbo \u00ab\u00a0n\u2019a jamais \u00e9t\u00e9 un homme de violence et je crois qu\u2019aujourd\u2019hui, il est r\u00e9habilit\u00e9 et c\u2019est une grande fiert\u00e9 pour tous les d\u00e9mocrates, tous ses partisans, je dis m\u00eame l\u2019immense majorit\u00e9 des Ivoiriens\u00a0\u00bb, a-t-il poursuivi.<\/p>\n<p>Concernant son retour, \u00ab tout d\u00e9pendra de lui maintenant, il est acquitt\u00e9, je pense que pour tr\u00e8s bient\u00f4t \u00bb, il sera \u00e0 Abidjan, parce qu\u2019 \u00bbil n\u2019y a aucun obstacle \u00e0 son retour et c\u2019est \u00e0 lui de d\u00e9cider quand est-ce qu\u2019il va rentrer \u00bb, a-t-il martel\u00e9. \u00a0\u00a0<\/p>\n<p>Le pr\u00e9sident d\u2019EDS, Armand Ou\u00e9gnin, l\u2019un des nouveaux d\u00e9put\u00e9s \u00e9lus de Yopougon, fief de Gbagbo dans l\u2019Ouest d\u2019Abidjan, assure qu\u2019\u00a0il reviendra pour contribuer \u00e0 la r\u00e9conciliation nationale en C\u00f4te d\u2019Ivoire\u00a0\u00bb.<\/p>\n<p>Le 15 janvier 2019, la Chambre de premi\u00e8re instance I a acquitt\u00e9 MM. Laurent Gbagbo et Charles Bl\u00e9 Goud\u00e9 de toutes les charges de crimes contre l\u2019humanit\u00e9 pr\u00e9tendument perp\u00e9tr\u00e9s en C\u00f4te d\u2019Ivoire en 2010 et 2011.<\/p>\n<p>L\u2019ex-pr\u00e9sident ivoirien, Laurent Gbagbo, a \u00e9t\u00e9 condamn\u00e9 par la justice ivoirienne \u00e0 20 ans de prison dans une affaire de \u00ab braquage de la Banque centrale des Etats de l\u2019Afrique de l\u2019Ouest (BCEAO)\u00bb, peu avant son d\u00e9part. Il devra n\u00e9gocier avec le pouvoir d\u2019Abidjan. \u00a0<\/p>\n<\/div>\n<p>Auteur: APA News<br \/>\n<a href=\"https:\/\/www.journalducameroun.com\/apres-son-acquittement-gbagbo-attendu-tres-bientot-a-abidjan\/\">Cliquez ici pour lire l&rsquo;article depuis sa source.<\/a><\/p>\n","protected":false},"excerpt":{"rendered":"<p>Publi\u00e9 le 31.03.2021 \u00e0 21h18 par APA News L\u2019acquittement de Laurent Gbagbo et Bl\u00e9 Goud\u00e9 par la Cour p\u00e9nale internationale (CPI) est \u00ab une victoire pour la d\u00e9mocratie et la justice\u00bb, a dit mercredi Georges Armand Ou\u00e9gnin, pr\u00e9sident d\u2019EDS, une organisation politique dont l\u2019ex-pr\u00e9sident est le r\u00e9f\u00e9rent, laissant entendre qu\u2019il sera \u00e0 Abidjan \u00ab tr\u00e8s [&hellip;]<\/p>\n","protected":false},"author":1965,"featured_media":0,"comment_status":"closed","ping_status":"closed","sticky":false,"template":"","format":"standard","meta":{"fifu_image_url":"","fifu_image_alt":"","footnotes":""},"categories":[73,82],"tags":[],"class_list":["post-114090","post","type-post","status-publish","format-standard","hentry","category-actualite","category-cameroun"],"_links":{"self":[{"href":"https:\/\/linitiative.ca\/International\/wp-json\/wp\/v2\/posts\/114090","targetHints":{"allow":["GET"]}}],"collection":[{"href":"https:\/\/linitiative.ca\/International\/wp-json\/wp\/v2\/posts"}],"about":[{"href":"https:\/\/linitiative.ca\/International\/wp-json\/wp\/v2\/types\/post"}],"author":[{"embeddable":true,"href":"https:\/\/linitiative.ca\/International\/wp-json\/wp\/v2\/users\/1965"}],"replies":[{"embeddable":true,"href":"https:\/\/linitiative.ca\/International\/wp-json\/wp\/v2\/comments?post=114090"}],"version-history":[{"count":0,"href":"https:\/\/linitiative.ca\/International\/wp-json\/wp\/v2\/posts\/114090\/revisions"}],"wp:attachment":[{"href":"https:\/\/linitiative.ca\/International\/wp-json\/wp\/v2\/media?parent=114090"}],"wp:term":[{"taxonomy":"category","embeddable":true,"href":"https:\/\/linitiative.ca\/International\/wp-json\/wp\/v2\/categories?post=114090"},{"taxonomy":"post_tag","embeddable":true,"href":"https:\/\/linitiative.ca\/International\/wp-json\/wp\/v2\/tags?post=114090"}],"curies":[{"name":"wp","href":"https:\/\/api.w.org\/{rel}","templated":true}]}}