{"id":114091,"date":"2021-03-31T16:18:02","date_gmt":"2021-03-31T20:18:02","guid":{"rendered":"https:\/\/linitiative.ca\/International\/lacquittement-de-gbagbo-et-ble-goude-consacre-limpunite-en-cote-divoire-victimes\/"},"modified":"2021-03-31T16:18:02","modified_gmt":"2021-03-31T20:18:02","slug":"lacquittement-de-gbagbo-et-ble-goude-consacre-limpunite-en-cote-divoire-victimes","status":"publish","type":"post","link":"https:\/\/linitiative.ca\/International\/lacquittement-de-gbagbo-et-ble-goude-consacre-limpunite-en-cote-divoire-victimes\/","title":{"rendered":"L\u2019acquittement de Gbagbo et Bl\u00e9 Goud\u00e9 \u00abconsacre l\u2019impunit\u00e9 en C\u00f4te d\u2019Ivoire\u00bb (Victimes)"},"content":{"rendered":"<div readability=\"32\">\n<p>Publi\u00e9 le 31.03.2021 \u00e0 21h18 par APA News<\/p>\n<\/div>\n<div readability=\"56\">\n<p>Le pr\u00e9sident du Collectif des victimes en C\u00f4te d\u2019Ivoire ( CVCI), Issiaka Diaby a estim\u00e9 mercredi \u00e0 Abidjan que la d\u00e9cision d\u2019acquittement total de l\u2019ex-pr\u00e9sident ivoirien Laurent Gbagbo et son ex-ministre de la jeunesse Charles Bl\u00e9 Goud\u00e9 par la Cour p\u00e9nale internationale ( CPI) \u00ab consacre l\u2019impunit\u00e9 en C\u00f4te d\u2019Ivoire \u00bb.<\/p>\n<p>\u00ab Apr\u00e8s cette d\u00e9cision, certaines victimes estiment qu\u2019elle ont \u00e9t\u00e9 les dindons d\u2019une farce judiciaire. Qu\u2019elles ont \u00e9t\u00e9 la cinqui\u00e8me roue d\u2019une carrosse judiciaire. Que le bureau du procureur et la CPI coalis\u00e9s y ont organis\u00e9 des man\u0153uvres savamment orchestr\u00e9es pour violer leurs droits fondamentaux. Cette d\u00e9cision consacre l\u2019impunit\u00e9 en C\u00f4te d\u2019Ivoire \u00a0\u00bb, a expliqu\u00e9 M. Diaby.<\/p>\n<p>Poursuivant, il a indiqu\u00e9 que la CPI vient avec cette d\u00e9cision, de d\u00e9montrer son inefficacit\u00e9 \u00e0 lutter contre l\u2019impunit\u00e9 en C\u00f4te d\u2019Ivoire. \u00a0\u00ab Pourquoi sommes-nous arriv\u00e9s l\u00e0 ? 3000 morts et il n\u2019y a pas de coupable. C\u2019est quand m\u00eame grave pour cette institution de justice internationale qui a travaill\u00e9 pendant huit ans \u00bb, s\u2019est \u00a0offusqu\u00e9 M. Diaby affirmant cependant que \u00ab nous allons nous conformer \u00e0 cette d\u00e9cision\u00bb.\u00a0<\/p>\n<p>La Chambre d\u2019appel de la Cour p\u00e9nale internationale (CPI) a confirm\u00e9 ce mercredi la d\u00e9cision d\u2019acquittement de l\u2019ex-pr\u00e9sident de C\u00f4te d\u2019Ivoire Laurent Gbagbo et son co-accus\u00e9 Charles Bl\u00e9 Goud\u00e9 qui \u00e9taient accus\u00e9s de crimes contre l\u2019humanit\u00e9 commis pendant la crise post-\u00e9lectorale ivoirienne de 2010-2011 qui a fait officiellement 3000 morts.<\/p>\n<\/div>\n<p>Auteur: APA News<br \/>\n<a href=\"https:\/\/www.journalducameroun.com\/lacquittement-de-gbagbo-et-ble-goude-consacre-limpunite-en-cote-divoire-victimes\/\">Cliquez ici pour lire l&rsquo;article depuis sa source.<\/a><\/p>\n","protected":false},"excerpt":{"rendered":"<p>Publi\u00e9 le 31.03.2021 \u00e0 21h18 par APA News Le pr\u00e9sident du Collectif des victimes en C\u00f4te d\u2019Ivoire ( CVCI), Issiaka Diaby a estim\u00e9 mercredi \u00e0 Abidjan que la d\u00e9cision d\u2019acquittement total de l\u2019ex-pr\u00e9sident ivoirien Laurent Gbagbo et son ex-ministre de la jeunesse Charles Bl\u00e9 Goud\u00e9 par la Cour p\u00e9nale internationale ( CPI) \u00ab consacre l\u2019impunit\u00e9 [&hellip;]<\/p>\n","protected":false},"author":1965,"featured_media":0,"comment_status":"closed","ping_status":"closed","sticky":false,"template":"","format":"standard","meta":{"fifu_image_url":"","fifu_image_alt":"","footnotes":""},"categories":[73,82],"tags":[],"class_list":["post-114091","post","type-post","status-publish","format-standard","hentry","category-actualite","category-cameroun"],"_links":{"self":[{"href":"https:\/\/linitiative.ca\/International\/wp-json\/wp\/v2\/posts\/114091","targetHints":{"allow":["GET"]}}],"collection":[{"href":"https:\/\/linitiative.ca\/International\/wp-json\/wp\/v2\/posts"}],"about":[{"href":"https:\/\/linitiative.ca\/International\/wp-json\/wp\/v2\/types\/post"}],"author":[{"embeddable":true,"href":"https:\/\/linitiative.ca\/International\/wp-json\/wp\/v2\/users\/1965"}],"replies":[{"embeddable":true,"href":"https:\/\/linitiative.ca\/International\/wp-json\/wp\/v2\/comments?post=114091"}],"version-history":[{"count":0,"href":"https:\/\/linitiative.ca\/International\/wp-json\/wp\/v2\/posts\/114091\/revisions"}],"wp:attachment":[{"href":"https:\/\/linitiative.ca\/International\/wp-json\/wp\/v2\/media?parent=114091"}],"wp:term":[{"taxonomy":"category","embeddable":true,"href":"https:\/\/linitiative.ca\/International\/wp-json\/wp\/v2\/categories?post=114091"},{"taxonomy":"post_tag","embeddable":true,"href":"https:\/\/linitiative.ca\/International\/wp-json\/wp\/v2\/tags?post=114091"}],"curies":[{"name":"wp","href":"https:\/\/api.w.org\/{rel}","templated":true}]}}