{"id":114093,"date":"2021-03-31T16:52:51","date_gmt":"2021-03-31T20:52:51","guid":{"rendered":"https:\/\/linitiative.ca\/International\/transport-aerien-douala-hub-pour-les-echanges-entre-le-cameroun-et-le-senegal\/"},"modified":"2021-03-31T16:52:51","modified_gmt":"2021-03-31T20:52:51","slug":"transport-aerien-douala-hub-pour-les-echanges-entre-le-cameroun-et-le-senegal","status":"publish","type":"post","link":"https:\/\/linitiative.ca\/International\/transport-aerien-douala-hub-pour-les-echanges-entre-le-cameroun-et-le-senegal\/","title":{"rendered":"Transport a\u00e9rien : Douala hub pour les \u00e9changes entre le Cameroun et le S\u00e9n\u00e9gal"},"content":{"rendered":"<p>Annonc\u00e9 \u00e0 7h 5 minutes ce 29 mars 2021, c\u2019est finalement \u00e0 8 h 14 minutes que l\u2019Airbus d\u2019Air S\u00e9n\u00e9gal a foul\u00e9 le tarmac de l\u2019a\u00e9roport international de Douala. Malgr\u00e9 ce retard \u00e0 l\u2019allumage, le vol inaugural de la compagnie a\u00e9rienne s\u00e9n\u00e9galaise a drain\u00e9 un important parterre de personnalit\u00e9s: le Directeur d\u2019exploitation de l\u2019a\u00e9roport international de Douala, le repr\u00e9sentant du Ministre des affaires \u00e9trang\u00e8res du S\u00e9n\u00e9gal, l\u2019Ambassadeur du Gabon au S\u00e9n\u00e9gal, le Consul horaire du B\u00e9nin au S\u00e9n\u00e9gal, le Directeur g\u00e9n\u00e9ral de la Soci\u00e9t\u00e9 d\u2019exploitation des A\u00e9roports du S\u00e9n\u00e9gal, etc\u2026.Ibrahima Kane, le Directeur g\u00e9n\u00e9ral d\u2019Air S\u00e9n\u00e9gal s\u2019explique sur le choix de Douala, la capitale \u00e9conomique camerounaise : \u00abAir S\u00e9n\u00e9gal est une compagnie jeune qui a fait le pari de lancer un hub l\u00e0 o\u00f9 elle peut s\u2019installer et s\u2019\u00e9tablir durablement dans le cadre du d\u00e9veloppement d\u2019une grande liaison entre les Etats africains. Douala est le c\u0153ur de l\u2019\u00e9conomie de l\u2019Afrique centrale et reste un maillon important de l\u2019\u00e9conomie africaine. En ouvrant la ligne de Douala nous voulons interconnecter la zone Afrique centrale \u00e0 la celle de l\u2019Afrique de l\u2019ouest, et d\u00e9velopper les \u00e9changes multiformes entre ces deux zones\u00bb. Via la ville de Cotonou au B\u00e9nin, Douala sera desservie par Air S\u00e9n\u00e9gal trois fois par semaine: \u00abAir S\u00e9n\u00e9gal se positionne se positionne aujourd\u2019hui comme un acteur majeur du transport a\u00e9rien.<\/p>\n<p><strong>Lire aussi<\/strong> : <a href=\"https:\/\/ecomatin.net\/transport-aerien-la-compagnie-nationale-senegalaise-air-senegal-va-desservir-le-cameroun-a-compter-du-29-mars-2021\/\">Transport a\u00e9rien\u00a0: la compagnie nationale s\u00e9n\u00e9galaise \u00ab\u00a0Air S\u00e9n\u00e9gal\u00a0\u00bb va desservir le Cameroun \u00e0 compter du 29 mars<\/a><\/p>\n<p>La position g\u00e9ographique du pays offre un atout capital. Notre ambition est d\u2019\u00e9lever consid\u00e9rablement le nombre de passagers. Notre objectif est de faire de Dakar un point privil\u00e9gi\u00e9 du transit provenant de la sous-r\u00e9gion\u00bb, a ajout\u00e9 Ibrahima Kane.<\/p>\n<p>D\u2019apr\u00e8s Mar\u00e8me Sall, le Consul g\u00e9n\u00e9ral du S\u00e9n\u00e9gal \u00e0 Douala, \u00abfaciliter les distances, lier les peuples, participent de la diplomatie \u00e9conomique. L\u2019ouverture de la desserte de Douala permet de faciliter les transactions entre les deux pays. Il existe de nombreux op\u00e9rateurs \u00e9conomiques s\u00e9n\u00e9galais install\u00e9s au Cameroun. La nouvelle ligne permettra aussi de doper les \u00e9changes entre les deux pays qui entretiennent depuis des liens diplomatiques anciens\u00bb, s\u2019est-elle exprim\u00e9e. D\u2019apr\u00e8s les fichiers consulaires de l\u2019Ambassade du S\u00e9n\u00e9gal au Cameroun, plus de 4000 s\u00e9n\u00e9galais vivent au Cameroun depuis 1993. Bas\u00e9s essentiellement dans les villes de Douala, Yaound\u00e9, Garoua, Ebolowa ou Bertoua. Les activit\u00e9s men\u00e9es par les ressortissants s\u00e9n\u00e9galais au Cameroun sont vari\u00e9es : bijouterie, couture, restauration, artisanat, change etc\u2026.En 2014, les \u00e9changes commerciaux entre le Cameroun et le S\u00e9n\u00e9gal ont atteint 26 milliards de FCFA. Le Cameroun reste le 44\u00e8me fournisseur du S\u00e9n\u00e9gal et son 14\u00e8me client.<\/p>\n<p><strong>Lire aussi<\/strong> : <a href=\"https:\/\/ecomatin.net\/apres-son-limogeage-de-camair-co-ernest-dikoum-atterrit-a-air-senegal\/\">Apr\u00e8s son limogeage de Camair-Co Ernest Dikoum att\u00e9rit \u00e0 Air S\u00e9n\u00e9gal<\/a><\/p>\n<p>En plus de Douala, Air S\u00e9n\u00e9gal dessert d\u00e9sormais Libreville au Gabon et Cotonou au B\u00e9nin. La compagnie a\u00e9rienne s\u00e9n\u00e9galaise a \u00e9galement ouvert depuis le 28 mars 2021, de nouvelles destinations en Europe (Lyon via Marseille, Milan en Italie). Ibrahima Kane annonce par ailleurs la desserte de Washington via New York d\u00e8s le 1er septembre 2021. En perspectives, les dirigeants d\u2019Air S\u00e9n\u00e9gal envisagent proc\u00e9der \u00e0 la production du site de vente \u00abTeranga\u00a0Holiday\u00bb dans les pays desservies, promouvoir la destination S\u00e9n\u00e9gal en impliquant les pays de desserte aux salons du tourisme s\u00e9n\u00e9galais, et assurer la vulgarisation du concept \u00abTaamu S\u00e9n\u00e9gal\u00bb.<\/p>\n<p><strong>Lire aussi<\/strong> : <a href=\"https:\/\/ecomatin.net\/transport-aerien-camair-co-baisse-de-10-les-prix-de-ses-vols-domestiques\/\">Transport a\u00e9rien\u00a0: Camair-co baisse de 10% le prix de ses vols domestiques<\/a><\/p>\n<p>Du fait du Covid 19, les activit\u00e9s commerciales d\u2019Air S\u00e9n\u00e9gal ont connu une baisse significative, r\u00e9v\u00e8le son Directeur g\u00e9n\u00e9ral, malgr\u00e9 \u00abla r\u00e9silience de la jeune entreprise\u00bb, pr\u00e9cise-t-il. Le nombre de vols enregistr\u00e9s entre 2019 et 2020 est pass\u00e9 de 5670 \u00e0 3584. Le volume de passagers transport\u00e9s a \u00e9galement chut\u00e9. Passant de 398.665 passagers en 2019 \u00e0 279.936 en 2020. Seul le segment fret a cl\u00f4tur\u00e9 l\u2019ann\u00e9e 2020 en hausse, avec 2.059.976 kg de colis trait\u00e9s. Contre 1.600.758 kg en 2019. Toutefois, Ibrahima Kane rassure sur \u00abla situation op\u00e9rationnelle et financi\u00e8re parfaitement soutenable d\u2019Air S\u00e9n\u00e9gal\u00bb. Air S\u00e9n\u00e9gal a d\u00e9marr\u00e9 des activit\u00e9s en 2018. Dispose de 9 a\u00e9ronefs, dont 8 op\u00e9rationnels.<\/p>\n<p><strong>\u00abDouala est une destination naturelle en Afrique centrale<\/strong>\u00bb<\/p>\n<div class=\"wp-block-image\">\n<figure class=\"alignleft size-large is-resized\">\n<p><img loading=\"lazy\" decoding=\"async\" src=\"https:\/\/ecomatin.net\/wp-content\/uploads\/2021\/03\/20210329-922x1024.jpg\" alt=\"\" class=\"wp-image-24033\" width=\"129\" height=\"143\" srcset=\"https:\/\/ecomatin.net\/wp-content\/uploads\/2021\/03\/20210329-922x1024.jpg 922w, https:\/\/ecomatin.net\/wp-content\/uploads\/2021\/03\/20210329-270x300.jpg 270w, https:\/\/ecomatin.net\/wp-content\/uploads\/2021\/03\/20210329-768x853.jpg 768w, https:\/\/ecomatin.net\/wp-content\/uploads\/2021\/03\/20210329-1383x1536.jpg 1383w, https:\/\/ecomatin.net\/wp-content\/uploads\/2021\/03\/20210329-1844x2048.jpg 1844w\" sizes=\"auto, (max-width: 129px) 100vw, 129px\"\/><\/p>\n<\/figure>\n<\/div>\n<p class=\"has-text-align-center\"><strong>Ibrahima Kane<\/strong>, Directeur g\u00e9n\u00e9ral de Air S\u00e9n\u00e9gal<\/p>\n<p>Nous desservons \u00e0 ce jour 17 destinations. Le choix de Douala n\u2019est pas fortuit car ses potentialit\u00e9s et ses atouts font d\u2019elle une destination naturelle en Afrique centrale et dans le monde. Le secteur a\u00e9rien a \u00e9t\u00e9 l\u2019un des secteurs \u00e9conomiques les plus touch\u00e9s en 2020 par la pand\u00e9mie, avec son lot de restrictions sur les d\u00e9placements. Cela a profond\u00e9ment affect\u00e9 les compagnies a\u00e9riennes, Air S\u00e9n\u00e9gal qui n\u2019\u00e9tait pas \u00e0 l\u2019abri, a su tr\u00e8s vite r\u00e9ajuster son plan de d\u00e9veloppement en r\u00e9adaptant son r\u00e9seau \u00e0 la situation. Nous avons sign\u00e9 un contrat avec l\u2019Agence s\u00e9n\u00e9galaise de promotion touristique pour promouvoir le tourisme local. Le Cameroun b\u00e9n\u00e9ficiera certainement de ces retomb\u00e9es, en plus des \u00e9changes commerciaux attendus avec l\u2019ouverture de cette nouvelle ligne.<\/p>\n<p>Auteur: Georges Semey<br \/>\n<a href=\"https:\/\/ecomatin.net\/transport-aerien-douala-hub-pour-les-echanges-entre-le-cameroun-et-le-senegal\/\">Cliquez ici pour lire l&rsquo;article depuis sa source.<\/a><\/p>\n","protected":false},"excerpt":{"rendered":"<p>Annonc\u00e9 \u00e0 7h 5 minutes ce 29 mars 2021, c\u2019est finalement \u00e0 8 h 14 minutes que l\u2019Airbus d\u2019Air S\u00e9n\u00e9gal a foul\u00e9 le tarmac de l\u2019a\u00e9roport international de Douala. Malgr\u00e9 ce retard \u00e0 l\u2019allumage, le vol inaugural de la compagnie a\u00e9rienne s\u00e9n\u00e9galaise a drain\u00e9 un important parterre de personnalit\u00e9s: le Directeur d\u2019exploitation de l\u2019a\u00e9roport international [&hellip;]<\/p>\n","protected":false},"author":1969,"featured_media":0,"comment_status":"closed","ping_status":"closed","sticky":false,"template":"","format":"standard","meta":{"fifu_image_url":"https:\/\/ecomatin.net\/wp-content\/uploads\/2021\/03\/20210329-922x1024.jpg","fifu_image_alt":"Transport a\u00e9rien : Douala hub pour les \u00e9changes entre le Cameroun et le S\u00e9n\u00e9gal","footnotes":""},"categories":[82,78],"tags":[],"class_list":["post-114093","post","type-post","status-publish","format-standard","hentry","category-cameroun","category-economie"],"_links":{"self":[{"href":"https:\/\/linitiative.ca\/International\/wp-json\/wp\/v2\/posts\/114093","targetHints":{"allow":["GET"]}}],"collection":[{"href":"https:\/\/linitiative.ca\/International\/wp-json\/wp\/v2\/posts"}],"about":[{"href":"https:\/\/linitiative.ca\/International\/wp-json\/wp\/v2\/types\/post"}],"author":[{"embeddable":true,"href":"https:\/\/linitiative.ca\/International\/wp-json\/wp\/v2\/users\/1969"}],"replies":[{"embeddable":true,"href":"https:\/\/linitiative.ca\/International\/wp-json\/wp\/v2\/comments?post=114093"}],"version-history":[{"count":0,"href":"https:\/\/linitiative.ca\/International\/wp-json\/wp\/v2\/posts\/114093\/revisions"}],"wp:attachment":[{"href":"https:\/\/linitiative.ca\/International\/wp-json\/wp\/v2\/media?parent=114093"}],"wp:term":[{"taxonomy":"category","embeddable":true,"href":"https:\/\/linitiative.ca\/International\/wp-json\/wp\/v2\/categories?post=114093"},{"taxonomy":"post_tag","embeddable":true,"href":"https:\/\/linitiative.ca\/International\/wp-json\/wp\/v2\/tags?post=114093"}],"curies":[{"name":"wp","href":"https:\/\/api.w.org\/{rel}","templated":true}]}}