{"id":114097,"date":"2021-04-01T09:30:57","date_gmt":"2021-04-01T13:30:57","guid":{"rendered":"https:\/\/linitiative.ca\/International\/lutte-contre-les-violences-a-lencontre-des-enfants-lancement-de-la-campagne-digitale-kafa\/"},"modified":"2021-04-01T09:30:57","modified_gmt":"2021-04-01T13:30:57","slug":"lutte-contre-les-violences-a-lencontre-des-enfants-lancement-de-la-campagne-digitale-kafa","status":"publish","type":"post","link":"https:\/\/linitiative.ca\/International\/lutte-contre-les-violences-a-lencontre-des-enfants-lancement-de-la-campagne-digitale-kafa\/","title":{"rendered":"Lutte contre les violences \u00e0 l\u2019encontre des enfants : Lancement de la campagne digitale \u00abKafa\u00bb"},"content":{"rendered":"<header>\n<\/header>\n<div class=\"entry-content clearfix\" readability=\"64\">\n<figure class=\"post-thumbnail\" itemprop=\"associatedMedia\" itemscope=\"itemscope\" itemtype=\"http:\/\/schema.org\/ImageObject\"><img decoding=\"async\" class=\"post_layout_5_img\" src=\"http:\/\/aujourdhui.ma\/wp-content\/uploads\/2020\/11\/Violence-enfant.jpg\" alt=\"Lutte contre les violences \u00e0 l\u2019encontre des enfants : Lancement de la campagne digitale \u00abKafa\u00bb\"\/><\/figure>\n<p><span class=\"c5\"><strong>Le changement de comportement des citoyens est primordial dans la lutte contre ce ph\u00e9nom\u00e8ne<\/strong><\/span><span id=\"more-372691\"\/><\/p>\n<p>L\u2019association Amane, en partenariat avec l\u2019ONG Aida, a annonc\u00e9, mardi, le lancement de la campagne digitale \u00abKafa\u00bb pour lutter contre les violences \u00e0 l\u2019encontre des enfants au Maroc. Cette campagne s\u2019inscrit dans le cadre du projet du \u00abRenforcement de la r\u00e9ponse du dispositif de protection int\u00e9gr\u00e9e de la violence sexuelle dans les villes de F\u00e8s et Mekn\u00e8s\u00bb (REDIP), financ\u00e9 par l\u2019Agence catalane de coop\u00e9ration au d\u00e9veloppement (ACCD). Qu\u2019elle soit physique, sexuelle, psychologique ou de la n\u00e9gligence, la violence \u00e0 l\u2019encontre des enfants est encore tr\u00e8s r\u00e9pandue au Maroc.<\/p>\n<p>L\u2019association Amane signale dans un communiqu\u00e9 que la violence \u00abest difficile \u00e0 d\u00e9tecter et \u00e0 signaler en raison de ses multiples formes qui \u00e9voluent avec les progr\u00e8s des nouvelles technologies num\u00e9riques, une plus grande mobilit\u00e9 des populations (migration, tourisme, voyages\u2026), mais aussi \u00e0 cause de son caract\u00e8re tabou\u00bb. Et par cons\u00e9quent, de nombreux enfants victimes de violences, notamment de violences sexuelles, se voient priv\u00e9s de l\u2019acc\u00e8s au syst\u00e8me de prise en charge et de protection. Amane et Aida affirment que \u00abla lutte contre les violences \u00e0 l\u2019encontre des enfants est comme un grand puzzle qui n\u00e9cessite l\u2019engagement de tout le monde\u00bb.<\/p>\n<p>Les deux ONG estiment que le changement des lois n\u2019est pas suffisant dans la lutte contre ce ph\u00e9nom\u00e8ne. Elles estiment que le changement de comportement des citoyens est primordial. La campagne digitale \u00abKafa\u00bb vise ainsi \u00e0 sensibiliser et conscientiser le grand public, tant les adultes que les enfants, pour qu\u2019ils deviennent des protecteurs actifs des enfants de toute forme de violence.<\/p>\n<\/div>\n<p>Auteur: ALM<br \/>\n<a href=\"https:\/\/aujourdhui.ma\/societe\/lutte-contre-les-violences-a-lencontre-des-enfants-lancement-de-la-campagne-digitale-kafa\">Cliquez ici pour lire l&rsquo;article depuis sa source.<\/a><\/p>\n","protected":false},"excerpt":{"rendered":"<p>Le changement de comportement des citoyens est primordial dans la lutte contre ce ph\u00e9nom\u00e8ne L\u2019association Amane, en partenariat avec l\u2019ONG Aida, a annonc\u00e9, mardi, le lancement de la campagne digitale \u00abKafa\u00bb pour lutter contre les violences \u00e0 l\u2019encontre des enfants au Maroc. Cette campagne s\u2019inscrit dans le cadre du projet du \u00abRenforcement de la r\u00e9ponse [&hellip;]<\/p>\n","protected":false},"author":1759,"featured_media":0,"comment_status":"closed","ping_status":"closed","sticky":false,"template":"","format":"standard","meta":{"fifu_image_url":"http:\/\/aujourdhui.ma\/wp-content\/uploads\/2020\/11\/Violence-enfant.jpg","fifu_image_alt":"Lutte contre les violences \u00e0 l\u2019encontre des enfants : Lancement de la campagne digitale \u00abKafa\u00bb","footnotes":""},"categories":[73,54],"tags":[],"class_list":["post-114097","post","type-post","status-publish","format-standard","hentry","category-actualite","category-maroc"],"_links":{"self":[{"href":"https:\/\/linitiative.ca\/International\/wp-json\/wp\/v2\/posts\/114097","targetHints":{"allow":["GET"]}}],"collection":[{"href":"https:\/\/linitiative.ca\/International\/wp-json\/wp\/v2\/posts"}],"about":[{"href":"https:\/\/linitiative.ca\/International\/wp-json\/wp\/v2\/types\/post"}],"author":[{"embeddable":true,"href":"https:\/\/linitiative.ca\/International\/wp-json\/wp\/v2\/users\/1759"}],"replies":[{"embeddable":true,"href":"https:\/\/linitiative.ca\/International\/wp-json\/wp\/v2\/comments?post=114097"}],"version-history":[{"count":0,"href":"https:\/\/linitiative.ca\/International\/wp-json\/wp\/v2\/posts\/114097\/revisions"}],"wp:attachment":[{"href":"https:\/\/linitiative.ca\/International\/wp-json\/wp\/v2\/media?parent=114097"}],"wp:term":[{"taxonomy":"category","embeddable":true,"href":"https:\/\/linitiative.ca\/International\/wp-json\/wp\/v2\/categories?post=114097"},{"taxonomy":"post_tag","embeddable":true,"href":"https:\/\/linitiative.ca\/International\/wp-json\/wp\/v2\/tags?post=114097"}],"curies":[{"name":"wp","href":"https:\/\/api.w.org\/{rel}","templated":true}]}}