{"id":114101,"date":"2021-04-01T11:33:39","date_gmt":"2021-04-01T15:33:39","guid":{"rendered":"https:\/\/linitiative.ca\/International\/berrechid-fin-de-parcours-dun-voleur-qui-ciblait-les-voitures\/"},"modified":"2021-04-01T11:33:39","modified_gmt":"2021-04-01T15:33:39","slug":"berrechid-fin-de-parcours-dun-voleur-qui-ciblait-les-voitures","status":"publish","type":"post","link":"https:\/\/linitiative.ca\/International\/berrechid-fin-de-parcours-dun-voleur-qui-ciblait-les-voitures\/","title":{"rendered":"Berrechid : Fin de parcours d\u2019un voleur qui ciblait les voitures"},"content":{"rendered":"<header>\n<\/header>\n<div class=\"entry-content clearfix\" readability=\"41\">\n<figure class=\"post-thumbnail\" itemprop=\"associatedMedia\" itemscope=\"itemscope\" itemtype=\"http:\/\/schema.org\/ImageObject\"><img decoding=\"async\" class=\"post_layout_5_img\" src=\"http:\/\/aujourdhui.ma\/wp-content\/uploads\/2016\/03\/malfrats-vol-Voleur-voiture.jpg\" alt=\"Berrechid : Fin de parcours d\u2019un voleur qui ciblait les voitures\"\/><\/figure>\n<p><strong>Faisant l\u2019objet d\u2019une trentaine de notes de recherche \u00e0 l\u2019\u00e9chelle nationale pour son implication dans des affaires de vol, un quadrag\u00e9naire a fini par \u00eatre arr\u00eat\u00e9, lundi dernier, par les \u00e9l\u00e9ments de la police judiciaire relevant du district de Berrechid.<\/strong><span id=\"more-372704\"\/> Bien qu\u2019il ait purg\u00e9 plusieurs peines d\u2019emprisonnement, ce repris de justice ne quittait la prison que pour reprendre son activit\u00e9 criminelle. Quand il a \u00e9t\u00e9 rel\u00e2ch\u00e9 la derni\u00e8re fois, il a cibl\u00e9 les voitures. Il n\u2019h\u00e9sitait pas \u00e0 aller dans un coin de stationnement de voitures ou dans un parking pour arriver \u00e0 ouvrir une ou deux afin de mettre la main sur tout ce qu\u2019il y trouvait de pr\u00e9cieux. A ce propos, plusieurs plaintes ont \u00e9t\u00e9 port\u00e9es par les automobilistes pour que les investigations soient entam\u00e9es par les limiers de Berrechid qui ont fini par l\u2019identification du mis en cause et son arrestation.<\/p>\n<\/div>\n<p>Auteur: Abderrafii ALOUMLIKI<br \/>\n<a href=\"https:\/\/aujourdhui.ma\/faits-divers\/berrechid-fin-de-parcours-dun-voleur-qui-ciblait-les-voitures\">Cliquez ici pour lire l&rsquo;article depuis sa source.<\/a><\/p>\n","protected":false},"excerpt":{"rendered":"<p>Faisant l\u2019objet d\u2019une trentaine de notes de recherche \u00e0 l\u2019\u00e9chelle nationale pour son implication dans des affaires de vol, un quadrag\u00e9naire a fini par \u00eatre arr\u00eat\u00e9, lundi dernier, par les \u00e9l\u00e9ments de la police judiciaire relevant du district de Berrechid. Bien qu\u2019il ait purg\u00e9 plusieurs peines d\u2019emprisonnement, ce repris de justice ne quittait la prison [&hellip;]<\/p>\n","protected":false},"author":1759,"featured_media":0,"comment_status":"closed","ping_status":"closed","sticky":false,"template":"","format":"standard","meta":{"fifu_image_url":"http:\/\/aujourdhui.ma\/wp-content\/uploads\/2016\/03\/malfrats-vol-Voleur-voiture.jpg","fifu_image_alt":"Berrechid : Fin de parcours d\u2019un voleur qui ciblait les voitures","footnotes":""},"categories":[73,54],"tags":[],"class_list":["post-114101","post","type-post","status-publish","format-standard","hentry","category-actualite","category-maroc"],"_links":{"self":[{"href":"https:\/\/linitiative.ca\/International\/wp-json\/wp\/v2\/posts\/114101","targetHints":{"allow":["GET"]}}],"collection":[{"href":"https:\/\/linitiative.ca\/International\/wp-json\/wp\/v2\/posts"}],"about":[{"href":"https:\/\/linitiative.ca\/International\/wp-json\/wp\/v2\/types\/post"}],"author":[{"embeddable":true,"href":"https:\/\/linitiative.ca\/International\/wp-json\/wp\/v2\/users\/1759"}],"replies":[{"embeddable":true,"href":"https:\/\/linitiative.ca\/International\/wp-json\/wp\/v2\/comments?post=114101"}],"version-history":[{"count":0,"href":"https:\/\/linitiative.ca\/International\/wp-json\/wp\/v2\/posts\/114101\/revisions"}],"wp:attachment":[{"href":"https:\/\/linitiative.ca\/International\/wp-json\/wp\/v2\/media?parent=114101"}],"wp:term":[{"taxonomy":"category","embeddable":true,"href":"https:\/\/linitiative.ca\/International\/wp-json\/wp\/v2\/categories?post=114101"},{"taxonomy":"post_tag","embeddable":true,"href":"https:\/\/linitiative.ca\/International\/wp-json\/wp\/v2\/tags?post=114101"}],"curies":[{"name":"wp","href":"https:\/\/api.w.org\/{rel}","templated":true}]}}