{"id":114102,"date":"2021-03-31T14:00:49","date_gmt":"2021-03-31T18:00:49","guid":{"rendered":"https:\/\/linitiative.ca\/International\/%ef%bb%bfnotre-denominateur-mediterraneen-commun\/"},"modified":"2021-03-31T14:00:49","modified_gmt":"2021-03-31T18:00:49","slug":"%ef%bb%bfnotre-denominateur-mediterraneen-commun","status":"publish","type":"post","link":"https:\/\/linitiative.ca\/International\/%ef%bb%bfnotre-denominateur-mediterraneen-commun\/","title":{"rendered":"\ufeffNotre d\u00e9nominateur m\u00e9diterran\u00e9en commun"},"content":{"rendered":"<p class=\"has-text-color has-vivid-red-color c1\"><strong>Tanger, racont\u00e9 par Mohamed Abderrahmane Berrada<\/strong><\/p>\n<p class=\"has-text-color has-vivid-cyan-blue-color\"><strong>La ville de Tanger \u00abs\u2019est impos\u00e9e au fil du temps comme une destination de choix et un lieu de souvenirs pour tous, d\u2019ici et d\u2019ailleurs\u00bb, a soulign\u00e9 l\u2019ex-Pr\u00e9sident-Directeur G\u00e9n\u00e9ral de la Soci\u00e9t\u00e9 Arabo-africaine de Distribution, d\u2019Edition et de Presse (SAPRESS), Mohamed Abderrahmane Berrada.<\/strong><\/p>\n<p>\u00abJe retourne \u00e0 Tanger pour retrouver ce temps, ce lieu, ce passage et cette passerelle qui m\u00e8ne \u00e0 tous les horizons. \u00abC\u2019est cette Tanger qui s\u2019est impos\u00e9e au fil du temps comme une destination et un lieu de souvenirs pour tous, d\u2019ici et d\u2019ailleurs\u00bb, \u00e9crit M. Berrada dans son article sous le titre \u00abTanger: Notre d\u00e9nominateur m\u00e9diterran\u00e9en commun\u00bb.<\/p>\n<p>\u00abBeaucoup sont pass\u00e9s par Tanger, pour s\u2019y installer ou pour traverser, laissant derri\u00e8re eux la nature, l\u2019oc\u00e9an, la for\u00eat et Hercule \u00e0 l\u2019int\u00e9rieur de sa grotte, observant tout le monde et veillant sur l\u2019histoire et le pr\u00e9sent de cette ville\u00bb, \u00e9crit le journaliste et \u00e9crivain Mohamed Berrada.<\/p>\n<p>\u00abIci les arts, la litt\u00e9rature, le patrimoine, la modernit\u00e9, l\u2019ing\u00e9niosit\u00e9 marocaine, les bonnes m\u0153urs, le pain nu, et ces monuments\u00bb, a-t-il poursuivi, en citant \u00e0 titre d\u2019exemple le cap Spartel, la plage, le parc, la Kasbah, le petit et le grand march\u00e9s, les vestiges mauresques, la mosqu\u00e9e, l\u2019\u00e9glise, et bien d\u2019autres.<\/p>\n<p>Aux hommes et femmes de la presse de cette ville, M. Berrada dit que Tanger a v\u00e9cu hier au rythme d\u2019une exp\u00e9rience distingu\u00e9e, \u00e0 travers la rencontre des m\u00e9dias des deux rives avec leurs conf\u00e9rences et leur \u00e9change et partage d\u2019exp\u00e9riences et de valeurs communes aux pays du sud et du nord de la M\u00e9diterran\u00e9e.<\/p>\n<p>\u00abPersonnellement, j\u2019ai \u00e0 Tanger beaucoup de souvenirs ainsi qu\u2019une exp\u00e9rience professionnelle. C\u2019est ici qu\u2019est n\u00e9e Tanger Club et a vu le jour en marge du salon du livre et o\u00f9 plusieurs journalistes marocains et fran\u00e7ais se sont rencontr\u00e9s pour l\u2019inauguration de ce club qui \u00e9tait pr\u00e9sid\u00e9 par le c\u00e9l\u00e8bre journaliste Jacques Chancel du c\u00f4t\u00e9 fran\u00e7ais, et par moi-m\u00eame du c\u00f4t\u00e9 marocain\u00bb, a-t-il fait savoir.<\/p>\n<p>Quelques semaines plus tard, ce club tang\u00e9rois nouvellement cr\u00e9\u00e9 a organis\u00e9 une importante conf\u00e9rence sur les mutations de la presse marocaine en mai 2006. Les ateliers, les \u00e9changes et les d\u00e9bats ont port\u00e9 sur la presse, son pass\u00e9, son pr\u00e9sent et son futur, avec des participations tr\u00e8s pertinentes et de qualit\u00e9, a not\u00e9 l\u2019\u00e9crivain.<\/p>\n<p>\u00abJe me souviens de cet enthousiasme et je n\u2019oublierai jamais les noms qui ont contribu\u00e9 \u00e0 enrichir ces discussions. Ce sont les m\u00eames noms qui ont fait la gloire de la presse dans notre pays\u00bb, a-t-il relev\u00e9. \u00abLe club de Tanger\u00bb est devenu une exp\u00e9rience et un patrimoine immat\u00e9riel de la profession qui peut retrouver son dynamisme avec la F\u00e9d\u00e9ration marocaine des \u00e9diteurs de journaux (FMEJ) qui tient une assembl\u00e9e g\u00e9n\u00e9rale constitutive de sa section r\u00e9gionale du nord et organise une conf\u00e9rence sur le th\u00e8me \u00abManarat Al Moutawassit: des opportunit\u00e9s d\u2019int\u00e9gration dans un oc\u00e9an de d\u00e9fis\u00bb, a relev\u00e9 M. Berrada.<\/p>\n<p>Et d\u2019ajouter \u00abau c\u0153ur de Tanger se tient aussi une autre rencontre pour discuter et mener la r\u00e9flexion sur cet Euro-Med, avec la participation d\u2019\u00e9minentes personnalit\u00e9s qui ont fa\u00e7onn\u00e9 et fa\u00e7onnent encore le d\u00e9nominateur commun de la M\u00e9diterran\u00e9e\u00bb.<\/p>\n<p>Ce qui fait la splendeur de Tanger, c\u2019est qu\u2019on trouve dans sa brillante histoire de grands horizon ouverts sur l\u2019avenir: Tanger 1947 est feu SM Mohammed V, P\u00e8re de la nation qui a ouvert la voie \u00e0 la libert\u00e9, avec le c\u00e9l\u00e8bre Appel de Tanger.<\/p>\n<p>Tanger est aussi 1958, o\u00f9 s\u2019est tenue la r\u00e9union entre les chefs des mouvements nationaux des pays du Maghreb. Elle est aussi la cons\u00e9cration de l\u2019unit\u00e9 nationale de Tanger \u00e0 Lagouira, a fait observer M. Berrada.<br \/>Ainsi, Tanger a pos\u00e9 les jalons de la coop\u00e9ration m\u00e9diterran\u00e9enne, continentale et internationale \u00e0 travers Tanger Med, a-t-il ajout\u00e9.<\/p>\n<p>\u00abTout cela fait de Tanger notre d\u00e9nominateur commun humain et m\u00e9diterran\u00e9en\u00bb, a conclu M. Berrada.<\/p>\n<p>Auteur: M&rsquo;hammed rahal<br \/>\n<a href=\"http:\/\/albayane.press.ma\/%EF%BB%BFnotre-denominateur-mediterraneen-commun.html\">Cliquez ici pour lire l&rsquo;article depuis sa source.<\/a><\/p>\n","protected":false},"excerpt":{"rendered":"<p>Tanger, racont\u00e9 par Mohamed Abderrahmane Berrada La ville de Tanger \u00abs\u2019est impos\u00e9e au fil du temps comme une destination de choix et un lieu de souvenirs pour tous, d\u2019ici et d\u2019ailleurs\u00bb, a soulign\u00e9 l\u2019ex-Pr\u00e9sident-Directeur G\u00e9n\u00e9ral de la Soci\u00e9t\u00e9 Arabo-africaine de Distribution, d\u2019Edition et de Presse (SAPRESS), Mohamed Abderrahmane Berrada. \u00abJe retourne \u00e0 Tanger pour retrouver [&hellip;]<\/p>\n","protected":false},"author":1760,"featured_media":0,"comment_status":"closed","ping_status":"closed","sticky":false,"template":"","format":"standard","meta":{"fifu_image_url":"","fifu_image_alt":"","footnotes":""},"categories":[73,54],"tags":[],"class_list":["post-114102","post","type-post","status-publish","format-standard","hentry","category-actualite","category-maroc"],"_links":{"self":[{"href":"https:\/\/linitiative.ca\/International\/wp-json\/wp\/v2\/posts\/114102","targetHints":{"allow":["GET"]}}],"collection":[{"href":"https:\/\/linitiative.ca\/International\/wp-json\/wp\/v2\/posts"}],"about":[{"href":"https:\/\/linitiative.ca\/International\/wp-json\/wp\/v2\/types\/post"}],"author":[{"embeddable":true,"href":"https:\/\/linitiative.ca\/International\/wp-json\/wp\/v2\/users\/1760"}],"replies":[{"embeddable":true,"href":"https:\/\/linitiative.ca\/International\/wp-json\/wp\/v2\/comments?post=114102"}],"version-history":[{"count":0,"href":"https:\/\/linitiative.ca\/International\/wp-json\/wp\/v2\/posts\/114102\/revisions"}],"wp:attachment":[{"href":"https:\/\/linitiative.ca\/International\/wp-json\/wp\/v2\/media?parent=114102"}],"wp:term":[{"taxonomy":"category","embeddable":true,"href":"https:\/\/linitiative.ca\/International\/wp-json\/wp\/v2\/categories?post=114102"},{"taxonomy":"post_tag","embeddable":true,"href":"https:\/\/linitiative.ca\/International\/wp-json\/wp\/v2\/tags?post=114102"}],"curies":[{"name":"wp","href":"https:\/\/api.w.org\/{rel}","templated":true}]}}