{"id":114103,"date":"2021-03-31T14:00:54","date_gmt":"2021-03-31T18:00:54","guid":{"rendered":"https:\/\/linitiative.ca\/International\/%ef%bb%bfcondamnation-des-affiches-incitant-a-la-discrimination-a-legard-des-femmes\/"},"modified":"2021-03-31T14:00:54","modified_gmt":"2021-03-31T18:00:54","slug":"%ef%bb%bfcondamnation-des-affiches-incitant-a-la-discrimination-a-legard-des-femmes","status":"publish","type":"post","link":"https:\/\/linitiative.ca\/International\/%ef%bb%bfcondamnation-des-affiches-incitant-a-la-discrimination-a-legard-des-femmes\/","title":{"rendered":"\ufeffCondamnation des affiches incitant \u00e0 la discrimination \u00e0 l\u2019\u00e9gard des femmes"},"content":{"rendered":"<p class=\"has-text-color has-vivid-red-color c1\"><strong>CRDH de Tanger<\/strong><\/p>\n<p class=\"has-text-color c2\"><strong>La Commission r\u00e9gionale des droits de l\u2019Homme (CRDH) de Tanger-T\u00e9touan-Al Hoceima a condamn\u00e9, mardi, les affiches accroch\u00e9es aux murs et sur les poteaux d\u2019\u00e9lectricit\u00e9 dans l\u2019une des rues principales de Tanger, qui incitent \u00e0 la haine, la discrimination et \u00e0 la violence \u00e0 l\u2019\u00e9gard des femmes et des filles.<\/strong><\/p>\n<p>En tant que m\u00e9canisme r\u00e9gional du Conseil national des droits de l\u2019Homme, la CRDH, sur la base des attributions qui lui sont conf\u00e9r\u00e9es conform\u00e9ment \u00e0 la loi n\u00b076.15 et dans le cadre de la mise en oeuvre de ses comp\u00e9tences en mati\u00e8re d\u2019exploration et de protection contre les violations des droits de l\u2019Homme, a observ\u00e9 des affiches dans une des rues principales de Tanger, qui incitent \u00e0 la haine, la discrimination et \u00e0 la violence \u00e0 l\u2019\u00e9gard des femmes et des filles.<\/p>\n<p>Ces tracts invitent \u00e9galement \u00e0 limiter les libert\u00e9s des femmes et des filles dans l\u2019espace public, pr\u00f4nant que les hommes ne remplissent pas leur devoir en termes d\u2019interdiction, de contr\u00f4le et de sanction des femmes.<\/p>\n<p>La CRDH a soulign\u00e9, dans un communiqu\u00e9, la r\u00e9activit\u00e9 rapide du parquet face \u00e0 cette affaire grave, en ouvrant une enqu\u00eate, faisant savoir qu\u2019elle attend les r\u00e9sultats de cette enqu\u00eate dans les plus brefs d\u00e9lais.<\/p>\n<p>La commission a, par ailleurs, soulign\u00e9 que de telles positions extr\u00e9mistes exposent les femmes, qui constituent la moiti\u00e9 de la soci\u00e9t\u00e9, \u00e0 la violence sous toutes ses formes, et contribuent \u00e0 r\u00e9pandre un discours de haine parmi les composantes de la soci\u00e9t\u00e9, en particulier les femmes et les filles.<\/p>\n<p>La CRDH a ainsi appel\u00e9 \u00e0 la vigilance et la prudence pour ne pas nuire au d\u00e9veloppement qu\u2019a connu le Maroc aux niveaux juridique, l\u00e9gislatif et institutionnel, conform\u00e9ment \u00e0 la Constitution du Royaume, ainsi que les lois promulgu\u00e9es et les politiques publiques engag\u00e9es, visant \u00e0 r\u00e9aliser le principe de l\u2019\u00e9galit\u00e9 entre les femmes et les hommes.<\/p>\n<p>\u00abPour lutter contre ces pratiques, il faut sensibiliser le public \u00e0 la n\u00e9cessit\u00e9 de faire face au discours de haine et de prendre des mesures concr\u00e8tes contre les auteurs de tels crimes\u00bb, a conclu le communiqu\u00e9.<\/p>\n<p>Auteur: M&rsquo;hammed rahal<br \/>\n<a href=\"http:\/\/albayane.press.ma\/%EF%BB%BFcondamnation-des-affiches-incitant-a-la-discrimination-a-legard-des-femmes.html\">Cliquez ici pour lire l&rsquo;article depuis sa source.<\/a><\/p>\n","protected":false},"excerpt":{"rendered":"<p>CRDH de Tanger La Commission r\u00e9gionale des droits de l\u2019Homme (CRDH) de Tanger-T\u00e9touan-Al Hoceima a condamn\u00e9, mardi, les affiches accroch\u00e9es aux murs et sur les poteaux d\u2019\u00e9lectricit\u00e9 dans l\u2019une des rues principales de Tanger, qui incitent \u00e0 la haine, la discrimination et \u00e0 la violence \u00e0 l\u2019\u00e9gard des femmes et des filles. En tant que [&hellip;]<\/p>\n","protected":false},"author":1760,"featured_media":0,"comment_status":"closed","ping_status":"closed","sticky":false,"template":"","format":"standard","meta":{"fifu_image_url":"","fifu_image_alt":"","footnotes":""},"categories":[73,54],"tags":[],"class_list":["post-114103","post","type-post","status-publish","format-standard","hentry","category-actualite","category-maroc"],"_links":{"self":[{"href":"https:\/\/linitiative.ca\/International\/wp-json\/wp\/v2\/posts\/114103","targetHints":{"allow":["GET"]}}],"collection":[{"href":"https:\/\/linitiative.ca\/International\/wp-json\/wp\/v2\/posts"}],"about":[{"href":"https:\/\/linitiative.ca\/International\/wp-json\/wp\/v2\/types\/post"}],"author":[{"embeddable":true,"href":"https:\/\/linitiative.ca\/International\/wp-json\/wp\/v2\/users\/1760"}],"replies":[{"embeddable":true,"href":"https:\/\/linitiative.ca\/International\/wp-json\/wp\/v2\/comments?post=114103"}],"version-history":[{"count":0,"href":"https:\/\/linitiative.ca\/International\/wp-json\/wp\/v2\/posts\/114103\/revisions"}],"wp:attachment":[{"href":"https:\/\/linitiative.ca\/International\/wp-json\/wp\/v2\/media?parent=114103"}],"wp:term":[{"taxonomy":"category","embeddable":true,"href":"https:\/\/linitiative.ca\/International\/wp-json\/wp\/v2\/categories?post=114103"},{"taxonomy":"post_tag","embeddable":true,"href":"https:\/\/linitiative.ca\/International\/wp-json\/wp\/v2\/tags?post=114103"}],"curies":[{"name":"wp","href":"https:\/\/api.w.org\/{rel}","templated":true}]}}