{"id":114105,"date":"2021-03-31T14:00:57","date_gmt":"2021-03-31T18:00:57","guid":{"rendered":"https:\/\/linitiative.ca\/International\/pekin-reforme-la-loi-fondamentale-de-hong-kong\/"},"modified":"2021-03-31T14:00:57","modified_gmt":"2021-03-31T18:00:57","slug":"pekin-reforme-la-loi-fondamentale-de-hong-kong","status":"publish","type":"post","link":"https:\/\/linitiative.ca\/International\/pekin-reforme-la-loi-fondamentale-de-hong-kong\/","title":{"rendered":"P\u00e9kin r\u00e9forme la \u00ab\u00a0Loi fondamentale\u00a0\u00bb de Hong Kong"},"content":{"rendered":"<p class=\"has-text-color has-vivid-cyan-blue-color c1\"><strong>Attendons, pour voir\u2026<\/strong><\/p>\n<p><strong>Le vent de r\u00e9volte qui avait commenc\u00e9 \u00e0 souffler sur l\u2019\u00eele de Hong Kong, en 2019,\u00a0 a mis les autorit\u00e9s de P\u00e9kin devant la n\u00e9cessit\u00e9 d\u2019une \u00ab reprise en main \u00bb muscl\u00e9e de l\u2019ancienne colonie britannique alors m\u00eame que cette derni\u00e8re b\u00e9n\u00e9ficiait d\u2019une semi-autonomie en application de la clause \u00ab un pays, deux syst\u00e8mes \u00bb d\u00fbment fix\u00e9e par l\u2019acte l\u2019ayant r\u00e9troc\u00e9d\u00e9e, en 1997, aux autorit\u00e9s de P\u00e9kin.<\/strong><\/p>\n<p>C\u2019est \u00e0 ce titre que ce mardi et sans m\u00eame que le LegCo (Parlement hongkongais) n\u2019ait \u00e9t\u00e9 consult\u00e9, le Pr\u00e9sident Xi Jinping\u00a0 a\u00a0 promulgu\u00e9 une loi modifiant la Loi fondamentale (Basic Law) ; cette mini-constitution qui garantissait \u00e0 Hong Kong des libert\u00e9s inconnues dans le reste de la Chine.<\/p>\n<p>Si les d\u00e9tails de cette loi n\u2019ont pas \u00e9t\u00e9 d\u00e9voil\u00e9s aux 7,5 millions d\u2019habitants de ce territoire du sud-est de la Chine et qu\u2019elle avait \u00e9t\u00e9 vot\u00e9e \u00e0 l\u2019unanimit\u00e9 des 167 membres du comit\u00e9 permanent du Parlement chinois deux semaines auparavant, il convient de relever que Carrie Lam, la cheffe pro-chinoise de l\u2019ex\u00e9cutif de Hong Kong s\u2019en est f\u00e9licit\u00e9 car, \u00e0 ses yeux, avec cette r\u00e9forme, \u00ab la politisation excessive de la soci\u00e9t\u00e9 et le clivage interne qui a d\u00e9chir\u00e9 Hong Kong vont pouvoir \u00eatre att\u00e9nu\u00e9s \u00bb.<\/p>\n<p>Reconnaissant que tous les amendements propos\u00e9s ont \u00e9t\u00e9 vot\u00e9s \u00e0 l\u2019unanimit\u00e9, Tam Tiu-chung, le seul repr\u00e9sentant de Hong Kong au sein de l\u2019organe d\u00e9cisionnel supr\u00eame du Parlement chinois, tiendra \u00e0 signaler, par ailleurs, que cette loi pr\u00e9voit de faire passer de 70 \u00e0 90 les membres du LegCo.\u00a0 Mais si, parmi ceux-ci, seuls 20 si\u00e8ges seront, attribu\u00e9s au suffrage universel direct \u00e0 des candidats qui, au pr\u00e9alable, auront \u00e9t\u00e9 \u00ab approuv\u00e9s \u00bb par \u00ab le Comit\u00e9 pour la s\u00e9curit\u00e9 nationale et la police de la s\u00e9curit\u00e9 nationale \u00bb, c\u2019est dire que, d\u00e9sormais, c\u2019est le pouvoir chinois qui jugera le \u00ab patriotisme \u00bb des candidats. Pour le reste, 40 si\u00e8ges seront attribu\u00e9s par un comit\u00e9 de personnalit\u00e9s r\u00e9put\u00e9es pro-P\u00e9kin alors que les occupants des 30 derniers si\u00e8ges seront d\u00e9sign\u00e9s par des groupes socioprofessionnels selon un syst\u00e8me \u00ab alambiqu\u00e9 \u00bb qui avait d\u00e9j\u00e0 cours et qui avait toujours \u00e9t\u00e9 favorable au gouvernement central.<\/p>\n<p>Mais m\u00eame si, lors d\u2019une conf\u00e9rence de presse, Zhang Xiaoming, un haut responsable du bureau des affaires de Hong Kong et de Macao du gouvernement chinois, a justifi\u00e9 cette \u00ab r\u00e9forme \u00bb par le \u00ab chaos \u00bb qui s\u2019\u00e9tait empar\u00e9, en 2019, de l\u2019ancienne colonie britannique lors des manifestations contre le gouvernement chinois, force est de reconna\u00eetre que l\u2019une des principales revendications des manifestants \u00e9tait justement l\u2019av\u00e8nement du suffrage universel.<\/p>\n<p>Or, en empruntant un chemin radicalement oppos\u00e9 visant \u00e0 marginaliser compl\u00e8tement l\u2019opposition hongkongaise et en orchestrant, depuis lors, une implacable r\u00e9pression, P\u00e9kin a \u00e9t\u00e9 accus\u00e9, par Londres, d\u2019avoir reni\u00e9 la d\u00e9claration sino-britannique ayant pr\u00e9sid\u00e9 \u00e0 la r\u00e9trocession de l\u2019ancienne colonie britannique aux autorit\u00e9s chinoises.\u00a0<\/p>\n<p>Enfin, apr\u00e8s l\u2019adoption, en juin dernier, de la fameuse loi sur la s\u00e9curit\u00e9 nationale \u00e0 Hong Kong, la r\u00e9forme de ce mardi vise non seulement \u00e0 accentuer les pr\u00e9rogatives du pouvoir central chinois dans l\u2019\u00eele mais aussi \u00e0 y marginaliser totalement le r\u00f4le de l\u2019opposition locale en s\u2019inscrivant dans la continuit\u00e9 des efforts que ne cesse de multiplier la Chine pour consolider son emprise sur cette importante place financi\u00e8re. Y parviendra-t-elle ? Tout plaide en sa faveur hormis la communaut\u00e9 internationale mais attendons pour voir\u2026<\/p>\n<p><strong>Nabil EL BOUSAADI<\/strong><\/p>\n<p>Auteur: M&rsquo;hammed rahal<br \/>\n<a href=\"http:\/\/albayane.press.ma\/pekin-reforme-la-loi-fondamentale-de-hong-kong.html\">Cliquez ici pour lire l&rsquo;article depuis sa source.<\/a><\/p>\n","protected":false},"excerpt":{"rendered":"<p>Attendons, pour voir\u2026 Le vent de r\u00e9volte qui avait commenc\u00e9 \u00e0 souffler sur l\u2019\u00eele de Hong Kong, en 2019,\u00a0 a mis les autorit\u00e9s de P\u00e9kin devant la n\u00e9cessit\u00e9 d\u2019une \u00ab reprise en main \u00bb muscl\u00e9e de l\u2019ancienne colonie britannique alors m\u00eame que cette derni\u00e8re b\u00e9n\u00e9ficiait d\u2019une semi-autonomie en application de la clause \u00ab un pays, [&hellip;]<\/p>\n","protected":false},"author":1760,"featured_media":0,"comment_status":"closed","ping_status":"closed","sticky":false,"template":"","format":"standard","meta":{"fifu_image_url":"","fifu_image_alt":"","footnotes":""},"categories":[73,54],"tags":[],"class_list":["post-114105","post","type-post","status-publish","format-standard","hentry","category-actualite","category-maroc"],"_links":{"self":[{"href":"https:\/\/linitiative.ca\/International\/wp-json\/wp\/v2\/posts\/114105","targetHints":{"allow":["GET"]}}],"collection":[{"href":"https:\/\/linitiative.ca\/International\/wp-json\/wp\/v2\/posts"}],"about":[{"href":"https:\/\/linitiative.ca\/International\/wp-json\/wp\/v2\/types\/post"}],"author":[{"embeddable":true,"href":"https:\/\/linitiative.ca\/International\/wp-json\/wp\/v2\/users\/1760"}],"replies":[{"embeddable":true,"href":"https:\/\/linitiative.ca\/International\/wp-json\/wp\/v2\/comments?post=114105"}],"version-history":[{"count":0,"href":"https:\/\/linitiative.ca\/International\/wp-json\/wp\/v2\/posts\/114105\/revisions"}],"wp:attachment":[{"href":"https:\/\/linitiative.ca\/International\/wp-json\/wp\/v2\/media?parent=114105"}],"wp:term":[{"taxonomy":"category","embeddable":true,"href":"https:\/\/linitiative.ca\/International\/wp-json\/wp\/v2\/categories?post=114105"},{"taxonomy":"post_tag","embeddable":true,"href":"https:\/\/linitiative.ca\/International\/wp-json\/wp\/v2\/tags?post=114105"}],"curies":[{"name":"wp","href":"https:\/\/api.w.org\/{rel}","templated":true}]}}