{"id":114106,"date":"2021-03-31T14:00:58","date_gmt":"2021-03-31T18:00:58","guid":{"rendered":"https:\/\/linitiative.ca\/International\/%ef%bb%bfamine-el-gotaibi-expose-sa-visite-a-okavango\/"},"modified":"2021-03-31T14:00:58","modified_gmt":"2021-03-31T18:00:58","slug":"%ef%bb%bfamine-el-gotaibi-expose-sa-visite-a-okavango","status":"publish","type":"post","link":"https:\/\/linitiative.ca\/International\/%ef%bb%bfamine-el-gotaibi-expose-sa-visite-a-okavango\/","title":{"rendered":"\ufeffAmine El Gotaibi expose sa \u00abVisite \u00e0 Okavango\u00bb"},"content":{"rendered":"<p class=\"has-text-color has-vivid-cyan-blue-color c1\"><strong>Marrakech<\/strong><\/p>\n<p><strong>L\u2019artiste pluridisciplinaire Amine El Gotaibi va investir la MCC Gallery \u00e0 Marrakech, du 3 avril au 29 mai, pour une exposition intitul\u00e9e \u00ab\u00a0Visite \u00e0 Okavango\u00a0\u00bb, un laboratoire spatio-temporel africain \u00e0 la rencontre de 16 pays, de leurs artistes et de leurs territoires.<\/strong><\/p>\n<p>L\u2019exposition traverse neuf projets d\u00e9velopp\u00e9s depuis 2011, une p\u00e9riode irrigu\u00e9e par une r\u00e9v\u00e9lation, pr\u00e9lude \u00e0 un cheminement dans lequel chaque projet de l\u2019artiste vient s\u2019inscrire tel un nouveau chapitre ouvrant un ensemble de questions.<\/p>\n<p>La source de ce parcours remonte \u00e0 2007, lorsque Amine El Gotaibi amorce son projet Rivi\u00e8re s\u00e8che qui interroge la notion de rivi\u00e8re s\u00e8che comme symbole de fertilit\u00e9 et comme m\u00e9taphore d\u2019un pouvoir st\u00e9rile.<\/p>\n<p>Quatre ans plus tard, il d\u00e9couvre l\u2019existence d\u2019Okavango, l\u2019un des plus grands fleuves endor\u00e9iques au monde et dont le delta ne rejoint pas la mer, mais le d\u00e9sert du Kalahari au Botswana. Cette d\u00e9couverte bouleverse El Gotaibi qui, d\u00e8s lors, ressent l\u2019imp\u00e9rieux besoin de rendre visite \u00e0 Okavango, devenu symbole d\u2019\u00e9mancipation, lib\u00e9rateur des normes et \u00e9veil absolu \u00e0 l\u2019alt\u00e9rit\u00e9.<\/p>\n<p>L\u2019exposition trace le lien et le cheminement de l\u2019artiste \u00e0 travers son \u0153uvre vers Okavango et vers l\u2019Afrique. Pour l\u2019artiste, cette exposition cr\u00e9e le moment parfait pour produire les \u0153uvres rest\u00e9es en gestation pendant plusieurs ann\u00e9es.<\/p>\n<p>Le public y d\u00e9couvrira une s\u00e9lection d\u2019\u0153uvres pour la plupart in\u00e9dites, issues de 9 projets et qui, ainsi rassembl\u00e9es, racontent Visite \u00e0 Okavango : A partir de 2007, Rivi\u00e8re S\u00e8che; 2010 \u00e0 2016, Nouvelle Religion; 2012, La pr\u00e9dation ne croit pas \u00e0 la mort !; 2014, Ar\u00e8ne de la soumission ; 2016, Attorab Al Watani (Territoire National) ; 2018, Perspective de Brebis ; 2019, Perspective de S\u00e9duction ; 2019, Ba moyi ya afrika et 2020, Sun(W)hole.<\/p>\n<p>Auteur: M&rsquo;hammed rahal<br \/>\n<a href=\"http:\/\/albayane.press.ma\/%EF%BB%BFamine-el-gotaibi-expose-sa-visite-a-okavango.html\">Cliquez ici pour lire l&rsquo;article depuis sa source.<\/a><\/p>\n","protected":false},"excerpt":{"rendered":"<p>Marrakech L\u2019artiste pluridisciplinaire Amine El Gotaibi va investir la MCC Gallery \u00e0 Marrakech, du 3 avril au 29 mai, pour une exposition intitul\u00e9e \u00ab\u00a0Visite \u00e0 Okavango\u00a0\u00bb, un laboratoire spatio-temporel africain \u00e0 la rencontre de 16 pays, de leurs artistes et de leurs territoires. L\u2019exposition traverse neuf projets d\u00e9velopp\u00e9s depuis 2011, une p\u00e9riode irrigu\u00e9e par une [&hellip;]<\/p>\n","protected":false},"author":1760,"featured_media":0,"comment_status":"closed","ping_status":"closed","sticky":false,"template":"","format":"standard","meta":{"fifu_image_url":"","fifu_image_alt":"","footnotes":""},"categories":[73,54],"tags":[],"class_list":["post-114106","post","type-post","status-publish","format-standard","hentry","category-actualite","category-maroc"],"_links":{"self":[{"href":"https:\/\/linitiative.ca\/International\/wp-json\/wp\/v2\/posts\/114106","targetHints":{"allow":["GET"]}}],"collection":[{"href":"https:\/\/linitiative.ca\/International\/wp-json\/wp\/v2\/posts"}],"about":[{"href":"https:\/\/linitiative.ca\/International\/wp-json\/wp\/v2\/types\/post"}],"author":[{"embeddable":true,"href":"https:\/\/linitiative.ca\/International\/wp-json\/wp\/v2\/users\/1760"}],"replies":[{"embeddable":true,"href":"https:\/\/linitiative.ca\/International\/wp-json\/wp\/v2\/comments?post=114106"}],"version-history":[{"count":0,"href":"https:\/\/linitiative.ca\/International\/wp-json\/wp\/v2\/posts\/114106\/revisions"}],"wp:attachment":[{"href":"https:\/\/linitiative.ca\/International\/wp-json\/wp\/v2\/media?parent=114106"}],"wp:term":[{"taxonomy":"category","embeddable":true,"href":"https:\/\/linitiative.ca\/International\/wp-json\/wp\/v2\/categories?post=114106"},{"taxonomy":"post_tag","embeddable":true,"href":"https:\/\/linitiative.ca\/International\/wp-json\/wp\/v2\/tags?post=114106"}],"curies":[{"name":"wp","href":"https:\/\/api.w.org\/{rel}","templated":true}]}}