{"id":114109,"date":"2021-04-01T09:54:01","date_gmt":"2021-04-01T13:54:01","guid":{"rendered":"https:\/\/linitiative.ca\/International\/le-cercle-kheireddine-tire-la-sonnette-dalarme\/"},"modified":"2021-04-01T09:54:01","modified_gmt":"2021-04-01T13:54:01","slug":"le-cercle-kheireddine-tire-la-sonnette-dalarme","status":"publish","type":"post","link":"https:\/\/linitiative.ca\/International\/le-cercle-kheireddine-tire-la-sonnette-dalarme\/","title":{"rendered":"Le cercle Kheireddine tire la sonnette d\u2019alarme"},"content":{"rendered":"<p>Bien avant le Covid-19, la Tunisie s\u2019\u00e9tait install\u00e9e dans une crise politique, \u00e9conomique et sociale aigue, fruit d\u2019une d\u00e9cennie d\u2019incurie et de destruction massive de l\u2019Etat et de ses institutions.<\/p>\n<p>Avec la pand\u00e9mie, cette crise s\u2019est aggrav\u00e9e au point de menacer la stabilit\u00e9 du pays. Des pans entiers de l\u2019\u00e9conomie son entrain de s\u2019effondrer, des milliers d\u2019emplois sont perdus sans espoir de reconversion.<\/p>\n<p>Mais c\u2019est la mauvaise gouvernance de cette crise qui nous alerte autant sinon plus que l\u2019ampleur de la crise elle-m\u00eame. En effet, apr\u00e8s avoir tergivers\u00e9 pendant des mois, la Tunisie s\u2019achemine dans les semaines qui viennent, vers un nouvel accord avec le FMI.<\/p>\n<p>Or, si un tel accord est \u00e9videmment indispensable, sa n\u00e9gociation dans les conditions d\u2019impr\u00e9paration actuelle nous conduit \u00e0 reproduire la grave erreur commise depuis 10 ans o\u00f9 on a confondu la politique \u00e9conomique avec la matrice macro\u00e9conomique n\u00e9goci\u00e9e avec le Fonds. Alors que la politique \u00e9conomique est bien plus complexe que cela et comporte un grand nombre d\u2019instruments fins, macro\u00e9conomiques, sectoriels et sous sectoriels.<\/p>\n<p>L\u2019objectif \u00e9tant de relancer la croissance, de sauvegarder et d\u00e9velopper les secteurs productifs aujourd\u2019hui gravement menac\u00e9s, de mettre en \u0153uvre des politiques \u00e9conomiques et mon\u00e9taires audacieuses avec des mesures vigoureuses, susceptibles de r\u00e9pondre aux urgences mais porteuses de changement et s\u2019inscrivant dans une perspective de cinq ans. Seul cet horizon et cette approche graduelle sont \u00e0 m\u00eame de lisser les difficult\u00e9s imm\u00e9diates et de permettre un partage \u00e9quitable des co\u00fbts et des b\u00e9n\u00e9fices du redressement.<\/p>\n<p>Dans les d\u00e9lais tr\u00e8s court qui s\u00e9parent la Tunisie du sc\u00e9nario tendanciel dramatique, \u00e9quivalent\u00e0 celui qu\u2019a connu la Gr\u00e8ce ou que conna\u00eet aujourd\u2019hui le Liban, il s\u2019agit d\u2019acter la d\u00e9faillance du syst\u00e8me politique et de mobiliser la soci\u00e9t\u00e9 civile et notamment les partenaires sociaux (UGTT, UTICA, UTAP, APB, etc.) afin de concevoir et de proposer, secteur par secteur, des solutions concr\u00e8tes adapt\u00e9es \u00e0 la r\u00e9alit\u00e9 tunisienne.<\/p>\n<p>C\u2019est dans cette perspective que le Cercle Kheireddine consid\u00e8re que le dialogue \u00e9conomique et social doit \u00eatre inclusif et qu\u2019il doit se d\u00e9rouler en rupture d\u2019avec les bavardages m\u00e9diatiques qui visent pour l\u2019essentiel, \u00e0 faire gagner du temps et \u00e0 blanchir une certaine classe politique.<\/p>\n<p>Nous sommes en effet convaincus qu\u2019ind\u00e9pendamment des contingences politiques, les partenaires sociaux et la soci\u00e9t\u00e9 civile ne doivent plus attendre, qu\u2019ils doivent rapidement se rapprocher les uns des autres, n\u00e9gocier et prendre leurs responsabilit\u00e9s pour que la Tunisie puisse se pr\u00e9senter en rangs serr\u00e9s, sur la base de pactes globaux et sectoriels d\u00e9taill\u00e9s, pr\u00e9cis et \u00e9tablis sur un mode participatif. Cela constituerait le choc de confiance recherch\u00e9 qui s\u2019imposera tant sur le plan national que sur le plan international.<\/p>\n<p>Rappelant l\u2019extr\u00eame urgence et la gravit\u00e9 des d\u00e9fis auxquels nous sommes confront\u00e9s, le Cercle Kheirreddine lance cet appel \u00e0 la mobilisation imm\u00e9diate de toutes les forces vives de la Nation, afin de r\u00e9ussir le dialogue national et de construire un veritable pacte national, seul moyen de sauver notre cher pays.<\/p>\n<div class=\"wp-post-author-wrap wp-post-author-shortcode left\">\n<h3 class=\"awpa-title\"\/>\n<div class=\"wp-post-author\">\n<div class=\"awpa-img awpa-author-block square\"><a href=\"http:\/\/lexpertjournal.net\/fr\/?author=5\"><img loading=\"lazy\" decoding=\"async\" alt=\"\" src=\"http:\/\/0.gravatar.com\/avatar\/97f8e10a1c1125ba104a76514ee07b16?s=150&amp;d=mm&amp;r=g\" srcset=\"http:\/\/0.gravatar.com\/avatar\/97f8e10a1c1125ba104a76514ee07b16?s=300&amp;d=mm&amp;r=g 2x\" class=\"avatar avatar-150 photo\" height=\"150\" width=\"150\"\/><\/a><\/div>\n<\/div>\n<\/div>\n<aside class=\"mashsb-container mashsb-main mashsb-stretched\">\n<\/aside>\n<p>Auteur: L&rsquo;expert<br \/>\n<a href=\"http:\/\/lexpertjournal.net\/fr\/?p=19519\">Cliquez ici pour lire l&rsquo;article depuis sa source.<\/a><\/p>\n","protected":false},"excerpt":{"rendered":"<p>Bien avant le Covid-19, la Tunisie s\u2019\u00e9tait install\u00e9e dans une crise politique, \u00e9conomique et sociale aigue, fruit d\u2019une d\u00e9cennie d\u2019incurie et de destruction massive de l\u2019Etat et de ses institutions. Avec la pand\u00e9mie, cette crise s\u2019est aggrav\u00e9e au point de menacer la stabilit\u00e9 du pays. Des pans entiers de l\u2019\u00e9conomie son entrain de s\u2019effondrer, des [&hellip;]<\/p>\n","protected":false},"author":1775,"featured_media":0,"comment_status":"closed","ping_status":"closed","sticky":false,"template":"","format":"standard","meta":{"fifu_image_url":"http:\/\/0.gravatar.com\/avatar\/97f8e10a1c1125ba104a76514ee07b16?s=150&d=mm&r=g","fifu_image_alt":"Le cercle Kheireddine tire la sonnette d\u2019alarme","footnotes":""},"categories":[78,55],"tags":[],"class_list":["post-114109","post","type-post","status-publish","format-standard","hentry","category-economie","category-tunisie"],"_links":{"self":[{"href":"https:\/\/linitiative.ca\/International\/wp-json\/wp\/v2\/posts\/114109","targetHints":{"allow":["GET"]}}],"collection":[{"href":"https:\/\/linitiative.ca\/International\/wp-json\/wp\/v2\/posts"}],"about":[{"href":"https:\/\/linitiative.ca\/International\/wp-json\/wp\/v2\/types\/post"}],"author":[{"embeddable":true,"href":"https:\/\/linitiative.ca\/International\/wp-json\/wp\/v2\/users\/1775"}],"replies":[{"embeddable":true,"href":"https:\/\/linitiative.ca\/International\/wp-json\/wp\/v2\/comments?post=114109"}],"version-history":[{"count":0,"href":"https:\/\/linitiative.ca\/International\/wp-json\/wp\/v2\/posts\/114109\/revisions"}],"wp:attachment":[{"href":"https:\/\/linitiative.ca\/International\/wp-json\/wp\/v2\/media?parent=114109"}],"wp:term":[{"taxonomy":"category","embeddable":true,"href":"https:\/\/linitiative.ca\/International\/wp-json\/wp\/v2\/categories?post=114109"},{"taxonomy":"post_tag","embeddable":true,"href":"https:\/\/linitiative.ca\/International\/wp-json\/wp\/v2\/tags?post=114109"}],"curies":[{"name":"wp","href":"https:\/\/api.w.org\/{rel}","templated":true}]}}