{"id":114113,"date":"2021-04-01T05:30:00","date_gmt":"2021-04-01T09:30:00","guid":{"rendered":"https:\/\/linitiative.ca\/International\/vers-un-vaste-mouvement-de-protesta-dans-le-milieu-culturel\/"},"modified":"2021-04-01T05:30:00","modified_gmt":"2021-04-01T09:30:00","slug":"vers-un-vaste-mouvement-de-protesta-dans-le-milieu-culturel","status":"publish","type":"post","link":"https:\/\/linitiative.ca\/International\/vers-un-vaste-mouvement-de-protesta-dans-le-milieu-culturel\/","title":{"rendered":"Vers un vaste mouvement de protesta dans le milieu culturel"},"content":{"rendered":"<div id=\"originalText\" readability=\"59\">\n<p>La d\u00e9cision\u00a0 d\u2019annulation\u00a0 de\u00a0 la pi\u00e8ce \u201cTaffi dhaou\u201d de\u00a0 la troupe locale Ghe\u00eeth Essiham, dont la g\u00e9n\u00e9rale\u00a0 \u00e9tait pr\u00e9vue le 27 mars dernier\u00a0 \u00e0 l\u2019occasion de la Journ\u00e9e mondiale du th\u00e9\u00e2tre, suscite toujours l\u2019indignation de la population et particuli\u00e8rement des artistes.<\/p>\n<p>Plusieurs associations \u00e0 caract\u00e8re culturel se pr\u00e9parent \u00e0 observer un vaste mouvement de protestation. Ces associations appellent \u00e0 faire toute la lumi\u00e8re sur cette affaire dont l\u2019enqu\u00eate n\u2019a toujours pas livr\u00e9 ses conclusions. Pour certains spectateurs qui se trouvaient ce jour-l\u00e0 \u00e0 l\u2019int\u00e9rieur de la salle, il est inadmissible qu\u2019une pi\u00e8ce th\u00e9\u00e2trale du genre, qui traite de la vie quotidienne du citoyen, soit annul\u00e9e pour des raisons qui restent jusque-l\u00e0 inconnues.<\/p>\n<p>Selon plusieurs artistes, anciens com\u00e9diens et acteurs au niveau local qui se trouvaient ce jour-l\u00e0 \u00e0 la maison de la culture, \u201cles jeunes com\u00e9diens qui s\u2019appr\u00eataient \u00e0 monter sur sc\u00e8ne furent somm\u00e9s de quitter les lieux et les spectateurs aussi sous pr\u00e9texte de plusieurs excuses qui n\u2019ont absolument rien \u00e0 voir avec le contenu de la pi\u00e8ce.\u201d Mais selon d\u2019autres sources, c\u2019est le contenu de la pi\u00e8ce qui ne plaisait pas \u00e0 certains lors des r\u00e9p\u00e9titions.<\/p>\n<p>La\u00a0 personne\u00a0 qui\u00a0 aurait\u00a0 ordonn\u00e9\u00a0 l\u2019annulation\u00a0 du\u00a0 spectacle\u00a0 serait\u00a0 l\u2019un des responsables par int\u00e9rim au niveau de la direction de la Culture de la wilaya. Il aurait demand\u00e9 au directeur de la maison de la culture d\u2019ex\u00e9cuter son ordre purement et simplement. Contact\u00e9 par nos soins, le directeur par int\u00e9rim en question refuse de commenter l\u2019information tout en faisant savoir : \u201cJe n\u2019ai rien \u00e0 vous dire, car cela me d\u00e9passe.\u201d\u00a0\u00a0<br \/>\u00a0<\/p>\n<p class=\"c6\"><strong>AHMED CHENAOUI\u00a0<\/strong><\/p>\n<\/div>\n<div id=\"text_core\" readability=\"59\">\n<p>La d\u00e9cision\u00a0 d\u2019annulation\u00a0 de\u00a0 la pi\u00e8ce \u201cTaffi dhaou\u201d de\u00a0 la troupe locale Ghe\u00eeth Essiham, dont la g\u00e9n\u00e9rale\u00a0 \u00e9tait pr\u00e9vue le 27 mars dernier\u00a0 \u00e0 l\u2019occasion de la Journ\u00e9e mondiale du th\u00e9\u00e2tre, suscite toujours l\u2019indignation de la population et particuli\u00e8rement des artistes.<\/p>\n<p>Plusieurs associations \u00e0 caract\u00e8re culturel se pr\u00e9parent \u00e0 observer un vaste mouvement de protestation. Ces associations appellent \u00e0 faire toute la lumi\u00e8re sur cette affaire dont l\u2019enqu\u00eate n\u2019a toujours pas livr\u00e9 ses conclusions. Pour certains spectateurs qui se trouvaient ce jour-l\u00e0 \u00e0 l\u2019int\u00e9rieur de la salle, il est inadmissible qu\u2019une pi\u00e8ce th\u00e9\u00e2trale du genre, qui traite de la vie quotidienne du citoyen, soit annul\u00e9e pour des raisons qui restent jusque-l\u00e0 inconnues.<\/p>\n<p>Selon plusieurs artistes, anciens com\u00e9diens et acteurs au niveau local qui se trouvaient ce jour-l\u00e0 \u00e0 la maison de la culture, \u201cles jeunes com\u00e9diens qui s\u2019appr\u00eataient \u00e0 monter sur sc\u00e8ne furent somm\u00e9s de quitter les lieux et les spectateurs aussi sous pr\u00e9texte de plusieurs excuses qui n\u2019ont absolument rien \u00e0 voir avec le contenu de la pi\u00e8ce.\u201d Mais selon d\u2019autres sources, c\u2019est le contenu de la pi\u00e8ce qui ne plaisait pas \u00e0 certains lors des r\u00e9p\u00e9titions.<\/p>\n<p>La\u00a0 personne\u00a0 qui\u00a0 aurait\u00a0 ordonn\u00e9\u00a0 l\u2019annulation\u00a0 du\u00a0 spectacle\u00a0 serait\u00a0 l\u2019un des responsables par int\u00e9rim au niveau de la direction de la Culture de la wilaya. Il aurait demand\u00e9 au directeur de la maison de la culture d\u2019ex\u00e9cuter son ordre purement et simplement. Contact\u00e9 par nos soins, le directeur par int\u00e9rim en question refuse de commenter l\u2019information tout en faisant savoir : \u201cJe n\u2019ai rien \u00e0 vous dire, car cela me d\u00e9passe.\u201d\u00a0\u00a0<br \/>\u00a0<\/p>\n<p class=\"c6\"><strong>AHMED CHENAOUI\u00a0<\/strong><\/p>\n<\/div>\n<p>Auteur:<br \/>\n<a href=\"https:\/\/www.liberte-algerie.com\/culture\/vers-un-vaste-mouvement-de-protesta-dans-le-milieu-culturel-356476\">Cliquez ici pour lire l&rsquo;article depuis sa source.<\/a><\/p>\n","protected":false},"excerpt":{"rendered":"<p>La d\u00e9cision\u00a0 d\u2019annulation\u00a0 de\u00a0 la pi\u00e8ce \u201cTaffi dhaou\u201d de\u00a0 la troupe locale Ghe\u00eeth Essiham, dont la g\u00e9n\u00e9rale\u00a0 \u00e9tait pr\u00e9vue le 27 mars dernier\u00a0 \u00e0 l\u2019occasion de la Journ\u00e9e mondiale du th\u00e9\u00e2tre, suscite toujours l\u2019indignation de la population et particuli\u00e8rement des artistes. Plusieurs associations \u00e0 caract\u00e8re culturel se pr\u00e9parent \u00e0 observer un vaste mouvement de protestation. [&hellip;]<\/p>\n","protected":false},"author":1742,"featured_media":0,"comment_status":"closed","ping_status":"closed","sticky":false,"template":"","format":"standard","meta":{"fifu_image_url":"","fifu_image_alt":"","footnotes":""},"categories":[73,53],"tags":[],"class_list":["post-114113","post","type-post","status-publish","format-standard","hentry","category-actualite","category-algerie"],"_links":{"self":[{"href":"https:\/\/linitiative.ca\/International\/wp-json\/wp\/v2\/posts\/114113","targetHints":{"allow":["GET"]}}],"collection":[{"href":"https:\/\/linitiative.ca\/International\/wp-json\/wp\/v2\/posts"}],"about":[{"href":"https:\/\/linitiative.ca\/International\/wp-json\/wp\/v2\/types\/post"}],"author":[{"embeddable":true,"href":"https:\/\/linitiative.ca\/International\/wp-json\/wp\/v2\/users\/1742"}],"replies":[{"embeddable":true,"href":"https:\/\/linitiative.ca\/International\/wp-json\/wp\/v2\/comments?post=114113"}],"version-history":[{"count":0,"href":"https:\/\/linitiative.ca\/International\/wp-json\/wp\/v2\/posts\/114113\/revisions"}],"wp:attachment":[{"href":"https:\/\/linitiative.ca\/International\/wp-json\/wp\/v2\/media?parent=114113"}],"wp:term":[{"taxonomy":"category","embeddable":true,"href":"https:\/\/linitiative.ca\/International\/wp-json\/wp\/v2\/categories?post=114113"},{"taxonomy":"post_tag","embeddable":true,"href":"https:\/\/linitiative.ca\/International\/wp-json\/wp\/v2\/tags?post=114113"}],"curies":[{"name":"wp","href":"https:\/\/api.w.org\/{rel}","templated":true}]}}