{"id":114119,"date":"2021-04-01T04:02:23","date_gmt":"2021-04-01T08:02:23","guid":{"rendered":"https:\/\/linitiative.ca\/International\/ramadan-reunion-de-coordination-sur-lapprovisionnement-des-marches\/"},"modified":"2021-04-01T04:02:23","modified_gmt":"2021-04-01T08:02:23","slug":"ramadan-reunion-de-coordination-sur-lapprovisionnement-des-marches","status":"publish","type":"post","link":"https:\/\/linitiative.ca\/International\/ramadan-reunion-de-coordination-sur-lapprovisionnement-des-marches\/","title":{"rendered":"Ramadan: R\u00e9union de coordination sur l\u2019approvisionnement des march\u00e9s"},"content":{"rendered":"<div readability=\"38\">\n<p>Essaouira- Une r\u00e9union de coordination d\u00e9di\u00e9e \u00e0 l\u2019examen de l\u2019\u00e9tat d\u2019approvisionnement des march\u00e9s et au contr\u00f4le de la qualit\u00e9 et des prix des produits de base et de premi\u00e8re n\u00e9cessit\u00e9 au cours du mois sacr\u00e9 de Ramadan \u00e0 l\u2019\u00e9chelle de la province d\u2019Essaouira, a \u00e9t\u00e9 tenue, mercredi, au si\u00e8ge de la pr\u00e9fecture.<\/p>\n<\/div>\n<div readability=\"97\">\n<p>Intervenant \u00e0 cette occasion, le gouverneur de la province d\u2019Essaouira, M. Adil El Maliki, a soulign\u00e9 l\u2019importance de la mobilisation g\u00e9n\u00e9rale de tous les services concern\u00e9s au niveau du territoire de la province pour assurer un suivi et un contr\u00f4le r\u00e9guliers de l\u2019\u00e9tat d\u2019approvisionnement des march\u00e9s ainsi que des prix et de la qualit\u00e9 des produits \u00e0 large consommation durant ce mois b\u00e9ni.<\/p>\n<p>Il a, dans ce sens, insist\u00e9 sur l\u2019intensification des campagnes de contr\u00f4le men\u00e9es par les commissions mixtes locales et les autres organes comp\u00e9tents \u00e0 l\u2019\u00e9chelle provinciale afin d\u2019accompagner les efforts entrepris sur les plans central et r\u00e9gional et de veiller \u00e0 la protection de la s\u00e9curit\u00e9, de la sant\u00e9 et du pouvoir d\u2019achat des citoyens et des consommateurs.<\/p>\n<p>Le gouverneur a aussi mis l\u2019accent sur la n\u00e9cessit\u00e9 de la coordination et du renforcement de l\u2019efficacit\u00e9 des diff\u00e9rentes interventions afin d\u2019assurer un approvisionnement normal et r\u00e9gulier des march\u00e9s et une offre abondante et diversifi\u00e9e en produits de base et de premi\u00e8re n\u00e9cessit\u00e9 en vue de satisfaire les besoins de la population durant ce mois sacr\u00e9.<\/p>\n<p>Il a \u00e9galement appel\u00e9 les diff\u00e9rentes parties prenantes \u00e0 accro\u00eetre leur pr\u00e9sence sur le terrain et \u00e0 intervenir avec un degr\u00e9 \u00e9lev\u00e9 de professionnalisme, de responsabilit\u00e9, de rigueur et de fermet\u00e9, le cas \u00e9ch\u00e9ant, tout en mettant l\u2019accent sur la n\u00e9cessit\u00e9 d\u2019une gestion efficace et rationnelle de ces op\u00e9rations.<\/p>\n<p>M. El Maliki a, en outre, soulign\u00e9 l\u2019imp\u00e9ratif de poursuivre le respect scrupuleux des mesures sanitaires et pr\u00e9ventives visant \u00e0 enrayer la propagation de la Covid-19, notamment dans les espaces commerciaux, les points de vente et les locaux qui connaissent une grande affluence durant ce mois b\u00e9ni, et de mener des campagnes de communication aupr\u00e8s des commer\u00e7ants et de leurs repr\u00e9sentants ainsi que des associations de protection du consommateur pour les associer aux efforts d\u2019encadrement et de sensibilisation en la mati\u00e8re.<\/p>\n<p>Cette r\u00e9union a \u00e9t\u00e9 ponctu\u00e9e d\u2019un expos\u00e9 exhaustif sur l\u2019\u00e9tat d\u2019approvisionnement et les prix pr\u00e9vus des produits au cours du mois de Ramadan, pr\u00e9sent\u00e9 par le d\u00e9l\u00e9gu\u00e9 provincial de l\u2019industrie et du commerce \u00e0\u00a0Essaouira, M. Hassan Moumarin, qui a affirm\u00e9, chiffres \u00e0 l\u2019appui, que l\u2019\u00e9tat d\u2019approvisionnement \u00e0 l\u2019\u00e9chelle de la province se caract\u00e9rise par une offre suffisante et une stabilit\u00e9 des prix de la majorit\u00e9 des produits de base.<\/p>\n<p>Quant aux repr\u00e9sentants et responsables des autres d\u00e9partements et \u00e9tablissements concern\u00e9s, ils ont \u00e9t\u00e9 unanimes, dans leurs interventions, \u00e0 souligner la disponibilit\u00e9 et l\u2019abondance des produits alimentaires de premi\u00e8re n\u00e9cessit\u00e9, la r\u00e9gularit\u00e9 de l\u2019approvisionnement et des contr\u00f4les men\u00e9s, ainsi que la stabilit\u00e9 des prix des denr\u00e9es alimentaires \u00e0 forte consommation durant le Ramadan.<\/p>\n<p>Ils ont aussi salu\u00e9 les efforts consentis par les diff\u00e9rents intervenants sous la supervision des autorit\u00e9s provinciales pour assurer un contr\u00f4le r\u00e9gulier de l\u2019approvisionnement des march\u00e9s, de la qualit\u00e9 et des prix des produits alimentaires, ainsi que pour renforcer la sensibilisation et la lutte contre les pratiques ill\u00e9gales attentatoires \u00e0 la sant\u00e9 et au pouvoir d\u2019achat du citoyen.<\/p>\n<\/div>\n<p>Auteur: Mohammed KOURSI<br \/>\n<a href=\"http:\/\/www.mapmarrakech.ma\/fr\/ramadan-reunion-de-coordination-sur-lapprovisionnement-des-marches\/\">Cliquez ici pour lire l&rsquo;article depuis sa source.<\/a><\/p>\n","protected":false},"excerpt":{"rendered":"<p>Essaouira- Une r\u00e9union de coordination d\u00e9di\u00e9e \u00e0 l\u2019examen de l\u2019\u00e9tat d\u2019approvisionnement des march\u00e9s et au contr\u00f4le de la qualit\u00e9 et des prix des produits de base et de premi\u00e8re n\u00e9cessit\u00e9 au cours du mois sacr\u00e9 de Ramadan \u00e0 l\u2019\u00e9chelle de la province d\u2019Essaouira, a \u00e9t\u00e9 tenue, mercredi, au si\u00e8ge de la pr\u00e9fecture. Intervenant \u00e0 cette [&hellip;]<\/p>\n","protected":false},"author":1788,"featured_media":0,"comment_status":"closed","ping_status":"closed","sticky":false,"template":"","format":"standard","meta":{"fifu_image_url":"","fifu_image_alt":"","footnotes":""},"categories":[54,76],"tags":[],"class_list":["post-114119","post","type-post","status-publish","format-standard","hentry","category-maroc","category-regions"],"_links":{"self":[{"href":"https:\/\/linitiative.ca\/International\/wp-json\/wp\/v2\/posts\/114119","targetHints":{"allow":["GET"]}}],"collection":[{"href":"https:\/\/linitiative.ca\/International\/wp-json\/wp\/v2\/posts"}],"about":[{"href":"https:\/\/linitiative.ca\/International\/wp-json\/wp\/v2\/types\/post"}],"author":[{"embeddable":true,"href":"https:\/\/linitiative.ca\/International\/wp-json\/wp\/v2\/users\/1788"}],"replies":[{"embeddable":true,"href":"https:\/\/linitiative.ca\/International\/wp-json\/wp\/v2\/comments?post=114119"}],"version-history":[{"count":0,"href":"https:\/\/linitiative.ca\/International\/wp-json\/wp\/v2\/posts\/114119\/revisions"}],"wp:attachment":[{"href":"https:\/\/linitiative.ca\/International\/wp-json\/wp\/v2\/media?parent=114119"}],"wp:term":[{"taxonomy":"category","embeddable":true,"href":"https:\/\/linitiative.ca\/International\/wp-json\/wp\/v2\/categories?post=114119"},{"taxonomy":"post_tag","embeddable":true,"href":"https:\/\/linitiative.ca\/International\/wp-json\/wp\/v2\/tags?post=114119"}],"curies":[{"name":"wp","href":"https:\/\/api.w.org\/{rel}","templated":true}]}}