{"id":114120,"date":"2021-04-01T06:17:46","date_gmt":"2021-04-01T10:17:46","guid":{"rendered":"https:\/\/linitiative.ca\/International\/des-agr-au-profit-de-24-anciens-detenus\/"},"modified":"2021-04-01T06:17:46","modified_gmt":"2021-04-01T10:17:46","slug":"des-agr-au-profit-de-24-anciens-detenus","status":"publish","type":"post","link":"https:\/\/linitiative.ca\/International\/des-agr-au-profit-de-24-anciens-detenus\/","title":{"rendered":"Des AGR au profit de 24 anciens d\u00e9tenus"},"content":{"rendered":"<div class=\"single-featured\"><img alt=\"\" data-src=\"http:\/\/www.mapmarrakech.ma\/map\/uploads\/2021\/04\/AGR-d\u00e9tenus.jpg\"\/><\/div>\n<div class=\"single-post-excerpt post-excerpt-bc\" readability=\"37\">\n<p>Marrakech- Un lot de mat\u00e9riels et d\u2019\u00e9quipements destin\u00e9s \u00e0 la cr\u00e9ation d\u2019Activit\u00e9s g\u00e9n\u00e9ratrices de revenus (AGR) ont \u00e9t\u00e9 distribu\u00e9s, mercredi au si\u00e8ge de la wilaya de la r\u00e9gion Marrakech-Safi, au profit d\u2019anciens pensionnaires d\u2019\u00e9tablissements p\u00e9nitentiaires relevant du ressort territorial de la r\u00e9gion.<\/p>\n<\/div>\n<div class=\"entry-content clearfix single-post-content\" readability=\"67\">\n<p>Ainsi, le wali de la r\u00e9gion Marrakech-Safi, gouverneur de la pr\u00e9fecture de Marrakech, Karim Kassi-Lahlou, a proc\u00e9d\u00e9 \u00e0 la distribution de mat\u00e9riels et d\u2019\u00e9quipements, financ\u00e9s par l\u2019Initiative Nationale pour le D\u00e9veloppement Humain (532.699 DH), au profit de 24 anciens d\u00e9tenus pour la cr\u00e9ation d\u2019AGR et leur r\u00e9insertion et ce, dans le cadre du partenariat avec la Fondation Mohammed VI pour la r\u00e9insertion des d\u00e9tenus.<\/p>\n<p>Par r\u00e9partition g\u00e9ographique, les b\u00e9n\u00e9ficiaires de cette initiative sont issus de la pr\u00e9fecture de Marrakech (15), des provinces d\u2019Al Haouz (7), de Chichaoua (1) et d\u2019Essaouira (1), tandis que les projets financ\u00e9s concernent principalement les secteurs des services, de l\u2019industrie et du commerce.<\/p>\n<p>A cette occasion, un appui financier a \u00e9t\u00e9 \u00e9galement accord\u00e9 aux d\u00e9tenus ayant b\u00e9n\u00e9fici\u00e9 du Programme d\u2019accompagnement et de r\u00e9insertion, qui apporte du soutien tout au long des phases de conception et de mise en \u0153uvre des projets, en coop\u00e9ration avec les diff\u00e9rents partenaires de la Fondation Mohammed VI pour la r\u00e9insertion des d\u00e9tenus.<\/p>\n<p>Cette initiative s\u2019inscrit dans le cadre de la strat\u00e9gie men\u00e9e par la Fondation Mohammed VI pour la r\u00e9insertion des d\u00e9tenus, qui vise \u00e0 ancrer les nobles valeurs du Royaume en mati\u00e8re de promotion de la culture de solidarit\u00e9 et d\u2019entraide, \u00e0 travers la pr\u00e9servation de la dignit\u00e9 de tout citoyen marocain.<\/p>\n<\/div>\n<p>Auteur: Mohammed KOURSI<br \/>\n<a href=\"http:\/\/www.mapmarrakech.ma\/fr\/des-agr-au-profit-de-24-anciens-detenus\/\">Cliquez ici pour lire l&rsquo;article depuis sa source.<\/a><\/p>\n","protected":false},"excerpt":{"rendered":"<p>Marrakech- Un lot de mat\u00e9riels et d\u2019\u00e9quipements destin\u00e9s \u00e0 la cr\u00e9ation d\u2019Activit\u00e9s g\u00e9n\u00e9ratrices de revenus (AGR) ont \u00e9t\u00e9 distribu\u00e9s, mercredi au si\u00e8ge de la wilaya de la r\u00e9gion Marrakech-Safi, au profit d\u2019anciens pensionnaires d\u2019\u00e9tablissements p\u00e9nitentiaires relevant du ressort territorial de la r\u00e9gion. Ainsi, le wali de la r\u00e9gion Marrakech-Safi, gouverneur de la pr\u00e9fecture de Marrakech, [&hellip;]<\/p>\n","protected":false},"author":1788,"featured_media":0,"comment_status":"closed","ping_status":"closed","sticky":false,"template":"","format":"standard","meta":{"fifu_image_url":"http:\/\/www.mapmarrakech.ma\/map\/uploads\/2021\/04\/AGR-d\u00e9tenus.jpg","fifu_image_alt":"Des AGR au profit de 24 anciens d\u00e9tenus","footnotes":""},"categories":[54,76],"tags":[],"class_list":["post-114120","post","type-post","status-publish","format-standard","hentry","category-maroc","category-regions"],"_links":{"self":[{"href":"https:\/\/linitiative.ca\/International\/wp-json\/wp\/v2\/posts\/114120","targetHints":{"allow":["GET"]}}],"collection":[{"href":"https:\/\/linitiative.ca\/International\/wp-json\/wp\/v2\/posts"}],"about":[{"href":"https:\/\/linitiative.ca\/International\/wp-json\/wp\/v2\/types\/post"}],"author":[{"embeddable":true,"href":"https:\/\/linitiative.ca\/International\/wp-json\/wp\/v2\/users\/1788"}],"replies":[{"embeddable":true,"href":"https:\/\/linitiative.ca\/International\/wp-json\/wp\/v2\/comments?post=114120"}],"version-history":[{"count":0,"href":"https:\/\/linitiative.ca\/International\/wp-json\/wp\/v2\/posts\/114120\/revisions"}],"wp:attachment":[{"href":"https:\/\/linitiative.ca\/International\/wp-json\/wp\/v2\/media?parent=114120"}],"wp:term":[{"taxonomy":"category","embeddable":true,"href":"https:\/\/linitiative.ca\/International\/wp-json\/wp\/v2\/categories?post=114120"},{"taxonomy":"post_tag","embeddable":true,"href":"https:\/\/linitiative.ca\/International\/wp-json\/wp\/v2\/tags?post=114120"}],"curies":[{"name":"wp","href":"https:\/\/api.w.org\/{rel}","templated":true}]}}