{"id":114121,"date":"2021-04-01T06:28:19","date_gmt":"2021-04-01T10:28:19","guid":{"rendered":"https:\/\/linitiative.ca\/International\/essaouira-une-valeur-sure-pour-leconomie-du-futur\/"},"modified":"2021-04-01T06:28:19","modified_gmt":"2021-04-01T10:28:19","slug":"essaouira-une-valeur-sure-pour-leconomie-du-futur","status":"publish","type":"post","link":"https:\/\/linitiative.ca\/International\/essaouira-une-valeur-sure-pour-leconomie-du-futur\/","title":{"rendered":"Essaouira, une valeur s\u00fbre pour l\u2019\u00e9conomie du futur"},"content":{"rendered":"<div readability=\"40\">\n<p>Essaouira- \u00ab\u00a0Le moment est venu pour Essaouira de prendre la juste mesure des atouts qui lui sont propres pour les transformer en opportunit\u00e9s d\u2019investissements performants, comp\u00e9titifs et durables\u00a0\u00bb, a d\u00e9clar\u00e9, mercredi, M. Andr\u00e9 Azoulay, Conseiller de SM le Roi et Pr\u00e9sident-Fondateur de l\u2019Association Essaouira-Mogador.<\/p>\n<\/div>\n<div readability=\"77\">\n<p>S\u2019exprimant en ouverture de la rencontre virtuelle sur l\u2019investissement, organis\u00e9e par la Chambre Fran\u00e7aise de Commerce et d\u2019Industrie du Maroc (CFCIM) en partenariat avec la Province d\u2019Essaouira, Essaouira Innovation Lab et l\u2019Association Essaouira-Mogador, M. Azoulay a mis en relief \u00ab\u00a0le double rendez-vous que l\u2019Histoire peut donner \u00e0 Essaouira avec, d\u2019une part, la mutation radicale que va conna\u00eetre le paysage \u00e9conomique, industriel et commercial pour les jours apr\u00e8s-Covid et, d\u2019autre part, la focalisation accentu\u00e9e des investisseurs de demain en direction des industries propres, des produits bio et de l\u2019optimisation des diff\u00e9rentes fili\u00e8res des \u00e9nergies renouvelables\u00a0\u00bb.<\/p>\n<p>\u00ab\u00a0Essaouira peut l\u00e9gitimement ambitionner une place de choix dans cette \u00e9conomie du futur\u00a0\u00bb, a soulign\u00e9 le Conseiller de SM le Roi, en rappelant que la province d\u2019Essaouira \u00ab\u00a0b\u00e9n\u00e9ficiait de l\u2019un des taux d\u2019ensoleillement les plus \u00e9lev\u00e9s de notre pays et que cet atout combin\u00e9 avec les gisements de l\u2019\u00e9olien et plus de 150 km de c\u00f4tes constituait un mixte prometteur pour l\u2019\u00e9nergie du futur qui fera une place de plus en plus importante \u00e0 l\u2019hydrog\u00e8ne vert\u00a0\u00bb.<\/p>\n<p>M. Azoulay a \u00e9galement dessin\u00e9 la carte \u00ab\u00a0des terroirs et des produits de niche qui fondent l\u2019attractivit\u00e9 et la sp\u00e9cificit\u00e9 d\u2019Essaouira qu\u2019il s\u2019agisse de l\u2019exceptionnelle richesse halieutique de la province, de la galaxie de l\u2019arganeraie et de l\u2019enracinement historique du bio chez les agriculteurs locaux\u00a0\u00bb.<\/p>\n<p>\u00ab\u00a0Il y a l\u00e0 pour Essaouira un levier riche de potentiels pour peu que les op\u00e9rateurs de demain prennent en compte la n\u00e9cessit\u00e9 d\u2019une int\u00e9gration locale optimale \u00e0 laquelle ils ont trop longtemps tourn\u00e9 le dos, privant Essaouira de la valeur ajout\u00e9e qui lui est l\u00e9gitimement due\u00a0\u00bb, a encore soulign\u00e9 le Conseiller de SM le Roi, en ajoutant dans cette perspective que \u00ab\u00a0le tourisme de sant\u00e9 et de bien-\u00eatre, adoss\u00e9 aux contenus culturels et patrimoniaux qui sont d\u00e9j\u00e0 l\u2019atout majeur d\u2019Essaouira, pouvaient l\u00e0 aussi donner une autre dimension et des lendemains prometteurs \u00e0 la destination souirie\u00a0\u00bb.<\/p>\n<p>Pour conclure, M. Azoulay a invit\u00e9 l\u2019auditoire \u00e0 m\u00e9diter sur l\u2019exceptionnelle notori\u00e9t\u00e9 internationale du nom Essaouira-Mogador que l\u2019on retrouve d\u00e9sormais sur tous les continents dans une vari\u00e9t\u00e9 impressionnante de produits et d\u2019enseignes qui privil\u00e9gient cette appellation \u00ab\u00a0pour ce qu\u2019elle sugg\u00e8re de magie, de myst\u00e8re et de qualit\u00e9\u00a0\u00bb. L\u00e0 aussi, estime le Conseiller de SM le Roi, \u00ab\u00a0le temps est venu de labelliser, de promouvoir et de valoriser en le prot\u00e9geant ce nom qui nous raconte de belles et grandes histoires\u00a0\u00bb.<\/p>\n<\/div>\n<p>Auteur: Mohammed KOURSI<br \/>\n<a href=\"http:\/\/www.mapmarrakech.ma\/fr\/essaouira-une-valeur-sure-pour-leconomie-du-futur\/\">Cliquez ici pour lire l&rsquo;article depuis sa source.<\/a><\/p>\n","protected":false},"excerpt":{"rendered":"<p>Essaouira- \u00ab\u00a0Le moment est venu pour Essaouira de prendre la juste mesure des atouts qui lui sont propres pour les transformer en opportunit\u00e9s d\u2019investissements performants, comp\u00e9titifs et durables\u00a0\u00bb, a d\u00e9clar\u00e9, mercredi, M. Andr\u00e9 Azoulay, Conseiller de SM le Roi et Pr\u00e9sident-Fondateur de l\u2019Association Essaouira-Mogador. S\u2019exprimant en ouverture de la rencontre virtuelle sur l\u2019investissement, organis\u00e9e par [&hellip;]<\/p>\n","protected":false},"author":1788,"featured_media":0,"comment_status":"closed","ping_status":"closed","sticky":false,"template":"","format":"standard","meta":{"fifu_image_url":"","fifu_image_alt":"","footnotes":""},"categories":[54,76],"tags":[],"class_list":["post-114121","post","type-post","status-publish","format-standard","hentry","category-maroc","category-regions"],"_links":{"self":[{"href":"https:\/\/linitiative.ca\/International\/wp-json\/wp\/v2\/posts\/114121","targetHints":{"allow":["GET"]}}],"collection":[{"href":"https:\/\/linitiative.ca\/International\/wp-json\/wp\/v2\/posts"}],"about":[{"href":"https:\/\/linitiative.ca\/International\/wp-json\/wp\/v2\/types\/post"}],"author":[{"embeddable":true,"href":"https:\/\/linitiative.ca\/International\/wp-json\/wp\/v2\/users\/1788"}],"replies":[{"embeddable":true,"href":"https:\/\/linitiative.ca\/International\/wp-json\/wp\/v2\/comments?post=114121"}],"version-history":[{"count":0,"href":"https:\/\/linitiative.ca\/International\/wp-json\/wp\/v2\/posts\/114121\/revisions"}],"wp:attachment":[{"href":"https:\/\/linitiative.ca\/International\/wp-json\/wp\/v2\/media?parent=114121"}],"wp:term":[{"taxonomy":"category","embeddable":true,"href":"https:\/\/linitiative.ca\/International\/wp-json\/wp\/v2\/categories?post=114121"},{"taxonomy":"post_tag","embeddable":true,"href":"https:\/\/linitiative.ca\/International\/wp-json\/wp\/v2\/tags?post=114121"}],"curies":[{"name":"wp","href":"https:\/\/api.w.org\/{rel}","templated":true}]}}