{"id":114124,"date":"2021-03-31T18:59:34","date_gmt":"2021-03-31T22:59:34","guid":{"rendered":"https:\/\/linitiative.ca\/International\/berkane-signature-de-conventions-pour-la-declinaison-de-la-strategie-generation-green\/"},"modified":"2021-03-31T18:59:34","modified_gmt":"2021-03-31T22:59:34","slug":"berkane-signature-de-conventions-pour-la-declinaison-de-la-strategie-generation-green","status":"publish","type":"post","link":"https:\/\/linitiative.ca\/International\/berkane-signature-de-conventions-pour-la-declinaison-de-la-strategie-generation-green\/","title":{"rendered":"Berkane : Signature de conventions pour la d\u00e9clinaison de la strat\u00e9gie G\u00e9n\u00e9ration Green"},"content":{"rendered":"<p class=\"c4\">Cinq conventions ont \u00e9t\u00e9 sign\u00e9es, mercredi \u00e0 l\u2019agropole de Berkane, visant la d\u00e9clinaison de la strat\u00e9gie \u00abG\u00e9n\u00e9ration Green 2020-2030\u00bb dans la province de Berkane.<\/p>\n<p class=\"c4\">Ces conventions, sign\u00e9es lors d\u2019une c\u00e9r\u00e9monie pr\u00e9sid\u00e9e par le ministre de l\u2019Agriculture, de la P\u00eache maritime, du D\u00e9veloppement rural et des Eaux et for\u00eats, Aziz Akhannouch, entendent, entre autres, renforcer l\u2019emploi agricole, promouvoir l\u2019innovation et faciliter la cr\u00e9ation de coop\u00e9ratives agricoles.<\/p>\n<p class=\"c4\">Il s\u2019agit notamment d\u2019une convention cadre sign\u00e9e entre le minist\u00e8re de l\u2019Agriculture, de la p\u00eache maritime, du d\u00e9veloppement rural et des eaux et for\u00eats, la Conf\u00e9d\u00e9ration marocaine de l\u2019agriculture et du d\u00e9veloppement rural (COMADER) et la province de Berkane, portant sur la cr\u00e9ation d\u2019une plateforme d\u2019emplois au profit des ouvriers agricoles de la province.<\/p>\n<p class=\"c4\">Cette plateforme doit permettre d\u2019organiser le march\u00e9 du travail dans le secteur agricole \u00e0 travers la cr\u00e9ation d\u2019une \u00abbourse de l\u2019emploi agricole\u00bb pour faciliter et rapprocher les employeurs des demandeurs d\u2019emplois.<\/p>\n<p class=\"c4\">La deuxi\u00e8me convention sign\u00e9e lie la Direction r\u00e9gionale de l\u2019Agriculture (DRA), l\u2019Office national du conseil agricole (ONCA) et l\u2019AGRINOVA (association des investisseurs sur l\u2019agropole), en vue de promouvoir l\u2019innovation \u00e0 travers les synergies entre les op\u00e9rateurs et les services de R&amp;D (INRA, Universit\u00e9 d\u2019Oujda, \u00e9coles de formation des techniciens).<\/p>\n<p class=\"c4\">De m\u00eame, une convention sp\u00e9cifique a \u00e9t\u00e9 sign\u00e9e entre l\u2019ONCA, l\u2019Office du d\u00e9veloppement de la coop\u00e9ration (ODCO) et la DRA, pour la mise en \u0153uvre de la convention cadre sur la cr\u00e9ation de coop\u00e9ratives dans le milieu rural.<\/p>\n<p class=\"c4\">La quatri\u00e8me convention a \u00e9t\u00e9 sign\u00e9e, quant \u00e0 elle, entre l\u2019ONCA et la Chambre r\u00e9gionale d\u2019Agriculture de l\u2019Oriental, en vue de renforcer la coop\u00e9ration entre les deux parties.<\/p>\n<p class=\"c4\">La derni\u00e8re convention sign\u00e9e \u00e9tablit une collaboration entre l\u2019ONCA et l\u2019Association Gazelle pour le d\u00e9veloppement, avec pour objet la formation et l\u2019accompagnement des femmes pour les activit\u00e9s g\u00e9n\u00e9ratrices de revenu, ainsi que pour l\u2019encadrement et la promotion de l\u2019entreprenariat des femmes dans le milieu rural.<\/p>\n<p>Auteur: Soufiane ELAHMAR<br \/>\n<a href=\"http:\/\/www.mapoujda.ma\/fr\/berkane-signature-de-conventions-pour-la-declinaison-de-la-strategie-generation-green\/\">Cliquez ici pour lire l&rsquo;article depuis sa source.<\/a><\/p>\n","protected":false},"excerpt":{"rendered":"<p>Cinq conventions ont \u00e9t\u00e9 sign\u00e9es, mercredi \u00e0 l\u2019agropole de Berkane, visant la d\u00e9clinaison de la strat\u00e9gie \u00abG\u00e9n\u00e9ration Green 2020-2030\u00bb dans la province de Berkane. Ces conventions, sign\u00e9es lors d\u2019une c\u00e9r\u00e9monie pr\u00e9sid\u00e9e par le ministre de l\u2019Agriculture, de la P\u00eache maritime, du D\u00e9veloppement rural et des Eaux et for\u00eats, Aziz Akhannouch, entendent, entre autres, renforcer l\u2019emploi [&hellip;]<\/p>\n","protected":false},"author":1788,"featured_media":0,"comment_status":"closed","ping_status":"closed","sticky":false,"template":"","format":"standard","meta":{"fifu_image_url":"","fifu_image_alt":"","footnotes":""},"categories":[54,76],"tags":[],"class_list":["post-114124","post","type-post","status-publish","format-standard","hentry","category-maroc","category-regions"],"_links":{"self":[{"href":"https:\/\/linitiative.ca\/International\/wp-json\/wp\/v2\/posts\/114124","targetHints":{"allow":["GET"]}}],"collection":[{"href":"https:\/\/linitiative.ca\/International\/wp-json\/wp\/v2\/posts"}],"about":[{"href":"https:\/\/linitiative.ca\/International\/wp-json\/wp\/v2\/types\/post"}],"author":[{"embeddable":true,"href":"https:\/\/linitiative.ca\/International\/wp-json\/wp\/v2\/users\/1788"}],"replies":[{"embeddable":true,"href":"https:\/\/linitiative.ca\/International\/wp-json\/wp\/v2\/comments?post=114124"}],"version-history":[{"count":0,"href":"https:\/\/linitiative.ca\/International\/wp-json\/wp\/v2\/posts\/114124\/revisions"}],"wp:attachment":[{"href":"https:\/\/linitiative.ca\/International\/wp-json\/wp\/v2\/media?parent=114124"}],"wp:term":[{"taxonomy":"category","embeddable":true,"href":"https:\/\/linitiative.ca\/International\/wp-json\/wp\/v2\/categories?post=114124"},{"taxonomy":"post_tag","embeddable":true,"href":"https:\/\/linitiative.ca\/International\/wp-json\/wp\/v2\/tags?post=114124"}],"curies":[{"name":"wp","href":"https:\/\/api.w.org\/{rel}","templated":true}]}}