{"id":114126,"date":"2021-04-01T11:40:40","date_gmt":"2021-04-01T15:40:40","guid":{"rendered":"https:\/\/linitiative.ca\/International\/cpu-le-04-avril-dernier-delai-de-declaration-sans-penalites\/"},"modified":"2021-04-01T11:40:40","modified_gmt":"2021-04-01T15:40:40","slug":"cpu-le-04-avril-dernier-delai-de-declaration-sans-penalites","status":"publish","type":"post","link":"https:\/\/linitiative.ca\/International\/cpu-le-04-avril-dernier-delai-de-declaration-sans-penalites\/","title":{"rendered":"CPU: le 04 avril, dernier d\u00e9lai de d\u00e9claration sans p\u00e9nalit\u00e9s"},"content":{"rendered":"<div class=\"single-featured\"><img alt=\"\" data-src=\"http:\/\/www.mapoujda.ma\/map\/uploads\/2021\/02\/Si\u00e8ge-de-la-Direction-g\u00e9n\u00e9rale-des-imp\u00f4ts-750\u00d7430-MAP.jpg\"\/><\/div>\n<div class=\"entry-content clearfix single-post-content\" readability=\"49\">\n<p class=\"c4\">Les contribuables assujettis au r\u00e9gime de la Contribution Professionnelle Unique (CPU) peuvent proc\u00e9der \u00e0 la d\u00e9claration d\u2019imp\u00f4t jusqu\u2019au 04 avril courant sans subir de p\u00e9nalit\u00e9s, a annonc\u00e9, jeudi, la Direction g\u00e9n\u00e9rale des Imp\u00f4ts (DGI).<\/p>\n<p class=\"c4\">\u00ab\u00a0Les contribuables assujettis \u00e0 la CPU peuvent effectuer leur d\u00e9claration d\u2019imp\u00f4t jusqu\u2019au 04 avril courant sur support papier ou par voie \u00e9lectronique sans pour autant subir les majorations, amendes et p\u00e9nalit\u00e9s pr\u00e9vues par le Code G\u00e9n\u00e9ral des Imp\u00f4ts (CGI)\u00a0\u00bb, indique la DGI dans un communiqu\u00e9.<\/p>\n<p class=\"c4\">Cette d\u00e9cision a \u00e9t\u00e9 prise sur la base des dispositions notamment de la Loi de finances 2020 stipulant la possibilit\u00e9 d\u2019\u00e9tendre la t\u00e9l\u00e9d\u00e9claration \u00e0 la CPU, selon les articles 155 et 169 du CGI.<\/p>\n<\/div>\n<p>Auteur: Soufiane ELAHMAR<br \/>\n<a href=\"http:\/\/www.mapoujda.ma\/fr\/cpu-le-04-avril-dernier-delai-de-declaration-sans-penalites\/\">Cliquez ici pour lire l&rsquo;article depuis sa source.<\/a><\/p>\n","protected":false},"excerpt":{"rendered":"<p>Les contribuables assujettis au r\u00e9gime de la Contribution Professionnelle Unique (CPU) peuvent proc\u00e9der \u00e0 la d\u00e9claration d\u2019imp\u00f4t jusqu\u2019au 04 avril courant sans subir de p\u00e9nalit\u00e9s, a annonc\u00e9, jeudi, la Direction g\u00e9n\u00e9rale des Imp\u00f4ts (DGI). \u00ab\u00a0Les contribuables assujettis \u00e0 la CPU peuvent effectuer leur d\u00e9claration d\u2019imp\u00f4t jusqu\u2019au 04 avril courant sur support papier ou par voie [&hellip;]<\/p>\n","protected":false},"author":1788,"featured_media":0,"comment_status":"closed","ping_status":"closed","sticky":false,"template":"","format":"standard","meta":{"fifu_image_url":"http:\/\/www.mapoujda.ma\/map\/uploads\/2021\/02\/Si\u00e8ge-de-la-Direction-g\u00e9n\u00e9rale-des-imp\u00f4ts-750\u00d7430-MAP.jpg","fifu_image_alt":"CPU: le 04 avril, dernier d\u00e9lai de d\u00e9claration sans p\u00e9nalit\u00e9s","footnotes":""},"categories":[54,76],"tags":[],"class_list":["post-114126","post","type-post","status-publish","format-standard","hentry","category-maroc","category-regions"],"_links":{"self":[{"href":"https:\/\/linitiative.ca\/International\/wp-json\/wp\/v2\/posts\/114126","targetHints":{"allow":["GET"]}}],"collection":[{"href":"https:\/\/linitiative.ca\/International\/wp-json\/wp\/v2\/posts"}],"about":[{"href":"https:\/\/linitiative.ca\/International\/wp-json\/wp\/v2\/types\/post"}],"author":[{"embeddable":true,"href":"https:\/\/linitiative.ca\/International\/wp-json\/wp\/v2\/users\/1788"}],"replies":[{"embeddable":true,"href":"https:\/\/linitiative.ca\/International\/wp-json\/wp\/v2\/comments?post=114126"}],"version-history":[{"count":0,"href":"https:\/\/linitiative.ca\/International\/wp-json\/wp\/v2\/posts\/114126\/revisions"}],"wp:attachment":[{"href":"https:\/\/linitiative.ca\/International\/wp-json\/wp\/v2\/media?parent=114126"}],"wp:term":[{"taxonomy":"category","embeddable":true,"href":"https:\/\/linitiative.ca\/International\/wp-json\/wp\/v2\/categories?post=114126"},{"taxonomy":"post_tag","embeddable":true,"href":"https:\/\/linitiative.ca\/International\/wp-json\/wp\/v2\/tags?post=114126"}],"curies":[{"name":"wp","href":"https:\/\/api.w.org\/{rel}","templated":true}]}}