{"id":114127,"date":"2021-04-01T09:35:27","date_gmt":"2021-04-01T13:35:27","guid":{"rendered":"https:\/\/linitiative.ca\/International\/sale-200-millions-de-dh-pour-la-creation-dune-zone-dactivites-economiques\/"},"modified":"2021-04-01T09:35:27","modified_gmt":"2021-04-01T13:35:27","slug":"sale-200-millions-de-dh-pour-la-creation-dune-zone-dactivites-economiques","status":"publish","type":"post","link":"https:\/\/linitiative.ca\/International\/sale-200-millions-de-dh-pour-la-creation-dune-zone-dactivites-economiques\/","title":{"rendered":"Sal\u00e9: 200 millions de DH pour la cr\u00e9ation d\u2019une zone d\u2019activit\u00e9s \u00e9conomiques"},"content":{"rendered":"<p class=\"rtejustify\">Deux conventions de partenariat ont \u00e9t\u00e9 adopt\u00e9es par le conseil de la r\u00e9gion de Rabat-Sal\u00e9-K\u00e9nitra lors d\u2019une session extraordinaire tenue aujourd\u2019hui.<\/p>\n<p class=\"rtejustify\">La premi\u00e8re porte sur la r\u00e9alisation d\u2019une zone d&rsquo;activit\u00e9s \u00e9conomiques au niveau de la pr\u00e9fecture de Sal\u00e9 pour un co\u00fbt d\u2019investissement de 200 millions de DH dont 160 millions de DH seront mobilis\u00e9s par le d\u00e9partement de l\u2019Economie et des finances. Cette zone devrait accueillir des unit\u00e9s informelles relevant, notamment, du secteur de textile-cuir identifi\u00e9es \u00e0 risque et n\u00e9cessitant une d\u00e9localisation, est-il pr\u00e9cis\u00e9. Ce projet s\u2019inscrit dans la nouvelle approche de l\u2019Etat pour \u00e9viter la reproduction du drame des inondations de la ville de Tanger. Le site qui va abriter ce projet est d\u00e9j\u00e0 identifi\u00e9 pr\u00e8s de la commune de Bouknadel.<\/p>\n<p class=\"rtejustify\">Toujours dans le volet \u00e9conomique, une seconde convention a \u00e9t\u00e9 adopt\u00e9e pour la promotion du produit touristique de la commune d\u2019Oulm\u00e8s. Pour ce faire, on pr\u00e9voit un investissement de 78 millions pour le d\u00e9veloppement notamment des infrastructures touristiques de cette commune. Signalons par ailleurs que les \u00e9lus ont \u00e9galement adopt\u00e9 le reste des points de l\u2019ordre du jour de cette session. Il s\u2019agit notamment de l\u2019avenant n\u00b01 relatif \u00e0 la convention de partenariat pour la r\u00e9utilisation des eaux us\u00e9es dans l\u2019arrosage des espaces verts de la ville de Rabat.<\/p>\n<p class=\"rtejustify\">Le co\u00fbt de r\u00e9alisation de la premi\u00e8re tranche de ce projet s\u2019\u00e9l\u00e8ve actuellement \u00e0 210 millions de DH dont 60 millions de DH seront financ\u00e9s par la r\u00e9gion. Au menu \u00e9galement, les statuts de cr\u00e9ation de la SDL \u00a0\u00bbRabat ville verte\u2019\u2019 et la soci\u00e9t\u00e9 de d\u00e9veloppement r\u00e9gional \u2018\u2019Rabat r\u00e9gion patrimoine\u2019\u2019.<\/p>\n<p class=\"rtejustify\">\u00a0<\/p>\n<p>Auteur: mbasraoui<br \/>\n<a href=\"https:\/\/www.leconomiste.com\/flash-infos\/sale-200-millions-de-dh-pour-la-creation-d-une-zone-d-activites-economiques\">Cliquez ici pour lire l&rsquo;article depuis sa source.<\/a><\/p>\n","protected":false},"excerpt":{"rendered":"<p>Deux conventions de partenariat ont \u00e9t\u00e9 adopt\u00e9es par le conseil de la r\u00e9gion de Rabat-Sal\u00e9-K\u00e9nitra lors d\u2019une session extraordinaire tenue aujourd\u2019hui. La premi\u00e8re porte sur la r\u00e9alisation d\u2019une zone d&rsquo;activit\u00e9s \u00e9conomiques au niveau de la pr\u00e9fecture de Sal\u00e9 pour un co\u00fbt d\u2019investissement de 200 millions de DH dont 160 millions de DH seront mobilis\u00e9s par [&hellip;]<\/p>\n","protected":false},"author":1763,"featured_media":0,"comment_status":"closed","ping_status":"closed","sticky":false,"template":"","format":"standard","meta":{"fifu_image_url":"","fifu_image_alt":"","footnotes":""},"categories":[78,54],"tags":[],"class_list":["post-114127","post","type-post","status-publish","format-standard","hentry","category-economie","category-maroc"],"_links":{"self":[{"href":"https:\/\/linitiative.ca\/International\/wp-json\/wp\/v2\/posts\/114127","targetHints":{"allow":["GET"]}}],"collection":[{"href":"https:\/\/linitiative.ca\/International\/wp-json\/wp\/v2\/posts"}],"about":[{"href":"https:\/\/linitiative.ca\/International\/wp-json\/wp\/v2\/types\/post"}],"author":[{"embeddable":true,"href":"https:\/\/linitiative.ca\/International\/wp-json\/wp\/v2\/users\/1763"}],"replies":[{"embeddable":true,"href":"https:\/\/linitiative.ca\/International\/wp-json\/wp\/v2\/comments?post=114127"}],"version-history":[{"count":0,"href":"https:\/\/linitiative.ca\/International\/wp-json\/wp\/v2\/posts\/114127\/revisions"}],"wp:attachment":[{"href":"https:\/\/linitiative.ca\/International\/wp-json\/wp\/v2\/media?parent=114127"}],"wp:term":[{"taxonomy":"category","embeddable":true,"href":"https:\/\/linitiative.ca\/International\/wp-json\/wp\/v2\/categories?post=114127"},{"taxonomy":"post_tag","embeddable":true,"href":"https:\/\/linitiative.ca\/International\/wp-json\/wp\/v2\/tags?post=114127"}],"curies":[{"name":"wp","href":"https:\/\/api.w.org\/{rel}","templated":true}]}}