{"id":114128,"date":"2021-04-01T09:57:53","date_gmt":"2021-04-01T13:57:53","guid":{"rendered":"https:\/\/linitiative.ca\/International\/le-rallye-aicha-des-gazelles-reporte\/"},"modified":"2021-04-01T09:57:53","modified_gmt":"2021-04-01T13:57:53","slug":"le-rallye-aicha-des-gazelles-reporte","status":"publish","type":"post","link":"https:\/\/linitiative.ca\/International\/le-rallye-aicha-des-gazelles-reporte\/","title":{"rendered":"Le Rallye Aicha des Gazelles report\u00e9"},"content":{"rendered":"<p class=\"rtejustify\">La 30\u00e8me \u00e9dition du troph\u00e9e Aicha des gazelles vient d&rsquo;\u00eatre report\u00e9e par ses organisateurs au 17 septembre prochain au vu de la d\u00e9gradation de la situation sanitaire en Europe.<\/p>\n<p class=\"rtejustify\">Les organisateurs tablent d&rsquo;ici l\u00e0 sur un all\u00e9gement significatif des mesures de restriction li\u00e9es au covid-19.<\/p>\n<p class=\"rtejustify\">Le lancement initial du Rallye \u00e9tait pr\u00e9vu pour le 17 mai 2021. Plus de 200 \u00e9quipages \u00e9taient attendus.<\/p>\n<p class=\"rtejustify\"><em>K.A.<\/em><\/p>\n<p class=\"rtejustify\">\u00a0<\/p>\n<p>Auteur: mbasraoui<br \/>\n<a href=\"https:\/\/www.leconomiste.com\/flash-infos\/rallye-aicha-des-gazelles-reporte-septembre-2021\">Cliquez ici pour lire l&rsquo;article depuis sa source.<\/a><\/p>\n","protected":false},"excerpt":{"rendered":"<p>La 30\u00e8me \u00e9dition du troph\u00e9e Aicha des gazelles vient d&rsquo;\u00eatre report\u00e9e par ses organisateurs au 17 septembre prochain au vu de la d\u00e9gradation de la situation sanitaire en Europe. Les organisateurs tablent d&rsquo;ici l\u00e0 sur un all\u00e9gement significatif des mesures de restriction li\u00e9es au covid-19. Le lancement initial du Rallye \u00e9tait pr\u00e9vu pour le 17 [&hellip;]<\/p>\n","protected":false},"author":1763,"featured_media":0,"comment_status":"closed","ping_status":"closed","sticky":false,"template":"","format":"standard","meta":{"fifu_image_url":"","fifu_image_alt":"","footnotes":""},"categories":[78,54],"tags":[],"class_list":["post-114128","post","type-post","status-publish","format-standard","hentry","category-economie","category-maroc"],"_links":{"self":[{"href":"https:\/\/linitiative.ca\/International\/wp-json\/wp\/v2\/posts\/114128","targetHints":{"allow":["GET"]}}],"collection":[{"href":"https:\/\/linitiative.ca\/International\/wp-json\/wp\/v2\/posts"}],"about":[{"href":"https:\/\/linitiative.ca\/International\/wp-json\/wp\/v2\/types\/post"}],"author":[{"embeddable":true,"href":"https:\/\/linitiative.ca\/International\/wp-json\/wp\/v2\/users\/1763"}],"replies":[{"embeddable":true,"href":"https:\/\/linitiative.ca\/International\/wp-json\/wp\/v2\/comments?post=114128"}],"version-history":[{"count":0,"href":"https:\/\/linitiative.ca\/International\/wp-json\/wp\/v2\/posts\/114128\/revisions"}],"wp:attachment":[{"href":"https:\/\/linitiative.ca\/International\/wp-json\/wp\/v2\/media?parent=114128"}],"wp:term":[{"taxonomy":"category","embeddable":true,"href":"https:\/\/linitiative.ca\/International\/wp-json\/wp\/v2\/categories?post=114128"},{"taxonomy":"post_tag","embeddable":true,"href":"https:\/\/linitiative.ca\/International\/wp-json\/wp\/v2\/tags?post=114128"}],"curies":[{"name":"wp","href":"https:\/\/api.w.org\/{rel}","templated":true}]}}