{"id":114130,"date":"2021-04-01T10:36:03","date_gmt":"2021-04-01T14:36:03","guid":{"rendered":"https:\/\/linitiative.ca\/International\/automobile-seat-arrive-chez-la-centrale-automobile-cherifienne\/"},"modified":"2021-04-01T10:36:03","modified_gmt":"2021-04-01T14:36:03","slug":"automobile-seat-arrive-chez-la-centrale-automobile-cherifienne","status":"publish","type":"post","link":"https:\/\/linitiative.ca\/International\/automobile-seat-arrive-chez-la-centrale-automobile-cherifienne\/","title":{"rendered":"Automobile: Seat arrive chez la Centrale Automobile Ch\u00e9rifienne"},"content":{"rendered":"<p class=\"rtejustify\">Un nouveau venu pour enrichir le catalogue de la Centrale Automobile Ch\u00e9rifienne (CAC). La marque espagnole Seat rejoint en effet la CAC, le repr\u00e9sentant du Groupe Volkswagen au Maroc, \u00e0 compter de ce jeudi 1er avril 2021.<\/p>\n<p class=\"rtejustify\">Le distributeur se renforce ainsi avec la marque barcelonaise, une entr\u00e9e qui fait partie de la strat\u00e9gie de regroupement mise en place par le groupe Volkswagen. \u00ab Cette d\u00e9cision strat\u00e9gique du groupe a pour objectif de faire face aux d\u00e9fis que conna\u00eet actuellement l\u2019industrie automobile \u00bb, indique la CAC, ajoutant que le Covid-10 \u00ab a incontestablement acc\u00e9l\u00e9r\u00e9 cette n\u00e9cessit\u00e9 de synergie \u00bb.<\/p>\n<p class=\"rtejustify\">Le Groupe allemand a d\u00fb revoir ses alliances strat\u00e9giques par pays \u00ab face \u00e0 la transition \u00e9nerg\u00e9tique n\u00e9cessaire et sans pr\u00e9c\u00e9dent, \u00e0 la digitalisation ainsi que le d\u00e9veloppement de la voiture autonome dans un environnement de plus en plus concurrentiel \u00bb. Fond\u00e9e en 1950, Seat a commercialis\u00e9 sa premi\u00e8re voiture en 195. La marque rejoint Volkswagen en 1986.<\/p>\n<p class=\"rtejustify\">Actuellement, elle emploie plus de 15.000 professionnels op\u00e9rant dans 75 pays dans le monde. Le barcelonais exporte plus que 80% de ses v\u00e9hicules.<\/p>\n<p class=\"rtejustify\">\u00a0<\/p>\n<p>Auteur: mbasraoui<br \/>\n<a href=\"https:\/\/www.leconomiste.com\/flash-infos\/automobile-seat-arrive-chez-la-centrale-automobile-cherifienne\">Cliquez ici pour lire l&rsquo;article depuis sa source.<\/a><\/p>\n","protected":false},"excerpt":{"rendered":"<p>Un nouveau venu pour enrichir le catalogue de la Centrale Automobile Ch\u00e9rifienne (CAC). La marque espagnole Seat rejoint en effet la CAC, le repr\u00e9sentant du Groupe Volkswagen au Maroc, \u00e0 compter de ce jeudi 1er avril 2021. Le distributeur se renforce ainsi avec la marque barcelonaise, une entr\u00e9e qui fait partie de la strat\u00e9gie de [&hellip;]<\/p>\n","protected":false},"author":1763,"featured_media":0,"comment_status":"closed","ping_status":"closed","sticky":false,"template":"","format":"standard","meta":{"fifu_image_url":"","fifu_image_alt":"","footnotes":""},"categories":[78,54],"tags":[],"class_list":["post-114130","post","type-post","status-publish","format-standard","hentry","category-economie","category-maroc"],"_links":{"self":[{"href":"https:\/\/linitiative.ca\/International\/wp-json\/wp\/v2\/posts\/114130","targetHints":{"allow":["GET"]}}],"collection":[{"href":"https:\/\/linitiative.ca\/International\/wp-json\/wp\/v2\/posts"}],"about":[{"href":"https:\/\/linitiative.ca\/International\/wp-json\/wp\/v2\/types\/post"}],"author":[{"embeddable":true,"href":"https:\/\/linitiative.ca\/International\/wp-json\/wp\/v2\/users\/1763"}],"replies":[{"embeddable":true,"href":"https:\/\/linitiative.ca\/International\/wp-json\/wp\/v2\/comments?post=114130"}],"version-history":[{"count":0,"href":"https:\/\/linitiative.ca\/International\/wp-json\/wp\/v2\/posts\/114130\/revisions"}],"wp:attachment":[{"href":"https:\/\/linitiative.ca\/International\/wp-json\/wp\/v2\/media?parent=114130"}],"wp:term":[{"taxonomy":"category","embeddable":true,"href":"https:\/\/linitiative.ca\/International\/wp-json\/wp\/v2\/categories?post=114130"},{"taxonomy":"post_tag","embeddable":true,"href":"https:\/\/linitiative.ca\/International\/wp-json\/wp\/v2\/tags?post=114130"}],"curies":[{"name":"wp","href":"https:\/\/api.w.org\/{rel}","templated":true}]}}