{"id":114131,"date":"2021-04-01T13:24:28","date_gmt":"2021-04-01T17:24:28","guid":{"rendered":"https:\/\/linitiative.ca\/International\/covid19-432-millions-de-personnes-vaccinees\/"},"modified":"2021-04-01T13:24:28","modified_gmt":"2021-04-01T17:24:28","slug":"covid19-432-millions-de-personnes-vaccinees","status":"publish","type":"post","link":"https:\/\/linitiative.ca\/International\/covid19-432-millions-de-personnes-vaccinees\/","title":{"rendered":"Covid19: 4,32 millions de personnes vaccin\u00e9es"},"content":{"rendered":"<p>Un total de <span class=\"c4\">579\u00a0<\/span>nouveaux cas d&rsquo;infection au coronavirus et de <span class=\"c4\">348\u00a0<\/span>gu\u00e9risons a \u00e9t\u00e9 enregistr\u00e9 au cours des derni\u00e8res 24 heures au Maroc, a annonc\u00e9 ce jeudi le minist\u00e8re de la Sant\u00e9.<\/p>\n<p>Le nombre des personnes qui ont \u00e9t\u00e9 vaccin\u00e9es \u00e0 ce jour (dose 1) a atteint <span class=\"c4\">4 329 244<\/span>, alors que <span class=\"c4\">3 767 210\u00a0<\/span>personnes ont re\u00e7u la deuxi\u00e8me dose du vaccin, a pr\u00e9cis\u00e9 le minist\u00e8re dans son bulletin quotidien sur la situation de la Covid-19.<\/p>\n<p>Le nouveau bilan porte \u00e0 <span class=\"c4\">496 676\u00a0<\/span>le nombre total des contaminations depuis le premier cas signal\u00e9 en mars 2020, tandis que le nombre des personnes r\u00e9tablies est pass\u00e9 \u00e0 <span class=\"c4\">483 711<\/span>, avec les <span class=\"c4\">348\u00a0<\/span>nouvelles gu\u00e9risons recens\u00e9es en 24 heures, soit un taux de 97,4%. Au total, <span class=\"c4\">12 698\u00a0<\/span>nouveaux tests ont \u00e9t\u00e9 r\u00e9alis\u00e9s.<\/p>\n<p class=\"rtejustify\">Le nombre total des d\u00e9c\u00e8s est pass\u00e9 \u00e0 <span class=\"c4\">8 825<\/span>, avec 7 morts enregistr\u00e9s durant les derni\u00e8res 24 heures (taux de l\u00e9talit\u00e9 de 1,8%).<\/p>\n<p class=\"rtejustify\">Quant au nombre de cas actifs, il s&rsquo;\u00e9l\u00e8ve \u00e0 <span class=\"c4\">4 140<\/span>,\u00a0alors que les cas s\u00e9v\u00e8res ou critiques\u00a0atteignent 439, dont 26 plac\u00e9s sous intubation.<\/p>\n<p class=\"rtejustify\">Par ailleurs, le taux d&rsquo;occupation des lits d\u00e9di\u00e9s au Covid-19 s&rsquo;\u00e9tablit \u00e013,9%.<\/p>\n<blockquote readability=\"4.75\">\n<p class=\"rtejustify\"><strong>Pour plus de d\u00e9tails, voir l&rsquo;\u00e9volution en temps r\u00e9el de l&rsquo;\u00e9pid\u00e9mie sur <a href=\"https:\/\/www.leconomiste.com\/covid19\/\">https:\/\/www.leconomiste.com\/covid19\/<\/a><\/strong><\/p>\n<\/blockquote>\n<p>Auteur: mbasraoui<br \/>\n<a href=\"https:\/\/www.leconomiste.com\/flash-infos\/covid19-4-32-millions-de-personnes-vaccinees\">Cliquez ici pour lire l&rsquo;article depuis sa source.<\/a><\/p>\n","protected":false},"excerpt":{"rendered":"<p>Un total de 579\u00a0nouveaux cas d&rsquo;infection au coronavirus et de 348\u00a0gu\u00e9risons a \u00e9t\u00e9 enregistr\u00e9 au cours des derni\u00e8res 24 heures au Maroc, a annonc\u00e9 ce jeudi le minist\u00e8re de la Sant\u00e9. Le nombre des personnes qui ont \u00e9t\u00e9 vaccin\u00e9es \u00e0 ce jour (dose 1) a atteint 4 329 244, alors que 3 767 210\u00a0personnes ont [&hellip;]<\/p>\n","protected":false},"author":1763,"featured_media":0,"comment_status":"closed","ping_status":"closed","sticky":false,"template":"","format":"standard","meta":{"fifu_image_url":"","fifu_image_alt":"","footnotes":""},"categories":[78,54],"tags":[],"class_list":["post-114131","post","type-post","status-publish","format-standard","hentry","category-economie","category-maroc"],"_links":{"self":[{"href":"https:\/\/linitiative.ca\/International\/wp-json\/wp\/v2\/posts\/114131","targetHints":{"allow":["GET"]}}],"collection":[{"href":"https:\/\/linitiative.ca\/International\/wp-json\/wp\/v2\/posts"}],"about":[{"href":"https:\/\/linitiative.ca\/International\/wp-json\/wp\/v2\/types\/post"}],"author":[{"embeddable":true,"href":"https:\/\/linitiative.ca\/International\/wp-json\/wp\/v2\/users\/1763"}],"replies":[{"embeddable":true,"href":"https:\/\/linitiative.ca\/International\/wp-json\/wp\/v2\/comments?post=114131"}],"version-history":[{"count":0,"href":"https:\/\/linitiative.ca\/International\/wp-json\/wp\/v2\/posts\/114131\/revisions"}],"wp:attachment":[{"href":"https:\/\/linitiative.ca\/International\/wp-json\/wp\/v2\/media?parent=114131"}],"wp:term":[{"taxonomy":"category","embeddable":true,"href":"https:\/\/linitiative.ca\/International\/wp-json\/wp\/v2\/categories?post=114131"},{"taxonomy":"post_tag","embeddable":true,"href":"https:\/\/linitiative.ca\/International\/wp-json\/wp\/v2\/tags?post=114131"}],"curies":[{"name":"wp","href":"https:\/\/api.w.org\/{rel}","templated":true}]}}