{"id":114132,"date":"2021-04-01T15:14:04","date_gmt":"2021-04-01T19:14:04","guid":{"rendered":"https:\/\/linitiative.ca\/International\/afrique-can-2021-le-tirage-au-sort-fixe-pour-le-25-juin\/"},"modified":"2021-04-01T15:14:04","modified_gmt":"2021-04-01T19:14:04","slug":"afrique-can-2021-le-tirage-au-sort-fixe-pour-le-25-juin","status":"publish","type":"post","link":"https:\/\/linitiative.ca\/International\/afrique-can-2021-le-tirage-au-sort-fixe-pour-le-25-juin\/","title":{"rendered":"Afrique : CAN 2021: le tirage au sort fix\u00e9 pour le 25 juin"},"content":{"rendered":"<div readability=\"32\">\n<p>Auteur : <span class=\"time\">jeudi 01 avril 2021 15:32<\/span><\/p>\n<\/div>\n<div id=\"post_core\" readability=\"46\">\n<p>Le tirage au sort de la phase finale de la Coupe d\u2019Afrique des nations (CAN 2021), d\u00e9cal\u00e9e \u00e0 2022, aura lieu le 25 juin au si\u00e8ge de la Conf\u00e9d\u00e9ration africaine de football (CAF), situ\u00e9 au Caire (Egypte). Cette date a \u00e9t\u00e9 arr\u00eat\u00e9e lors de la r\u00e9union du Comit\u00e9 ex\u00e9cutif de l&rsquo;instance continentale, tenue mardi en visioconf\u00e9rence, sous la pr\u00e9sidence du Sud-africains Patrice Motsepe. Programm\u00e9e du 9 janvier au 6 f\u00e9vrier 2022, cette 33e \u00e9dition de la CAN se jouera dans les villes de Yaound\u00e9, Douala, Garoua, Bafoussam et Limb\u00e9. Championne d\u2019Afrique en titre, l\u2019Alg\u00e9rie a valid\u00e9 son billet pour le prochain tournoi continental d\u00e8s la 4e journ\u00e9e. Intraitables durant les \u00e9liminatoires, les Verts ont termin\u00e9 en t\u00eate de leur groupe \u00e0 la faveur d\u2019un parcours sans faute conclu par une large victoire acquise face au Botswana.<\/p>\n<p><strong>Publi\u00e9 dans :<\/strong> <span>CAN 2021<\/span><\/p>\n<\/div>\n<p>Auteur:<br \/>\n<a href=\"http:\/\/www.lebuteur.com\/article\/detail?titre=can-2021-le-tirage-au-sort-fixe-pour-le-25-juin&#038;id=99576&#038;utm_source=feedburner&#038;utm_medium=feed&#038;utm_campaign=Feed%3A+GalerieFArtciles+%28Les+derniers+articles++-+lebuteur.com%29\">Cliquez ici pour lire l&rsquo;article depuis sa source.<\/a><\/p>\n","protected":false},"excerpt":{"rendered":"<p>Auteur : jeudi 01 avril 2021 15:32 Le tirage au sort de la phase finale de la Coupe d\u2019Afrique des nations (CAN 2021), d\u00e9cal\u00e9e \u00e0 2022, aura lieu le 25 juin au si\u00e8ge de la Conf\u00e9d\u00e9ration africaine de football (CAF), situ\u00e9 au Caire (Egypte). Cette date a \u00e9t\u00e9 arr\u00eat\u00e9e lors de la r\u00e9union du Comit\u00e9 [&hellip;]<\/p>\n","protected":false},"author":1738,"featured_media":0,"comment_status":"closed","ping_status":"closed","sticky":false,"template":"","format":"standard","meta":{"fifu_image_url":"\/\/cdn.lebuteur.com\/data\/images\/article\/thumbs\/large-can-2021-le-tirage-au-sort-fixe-pour-le-25-juin-735f3.jpg","fifu_image_alt":"Afrique : CAN 2021: le tirage au sort fix\u00e9 pour le 25 juin","footnotes":""},"categories":[53,75],"tags":[],"class_list":["post-114132","post","type-post","status-publish","format-standard","hentry","category-algerie","category-sport"],"_links":{"self":[{"href":"https:\/\/linitiative.ca\/International\/wp-json\/wp\/v2\/posts\/114132","targetHints":{"allow":["GET"]}}],"collection":[{"href":"https:\/\/linitiative.ca\/International\/wp-json\/wp\/v2\/posts"}],"about":[{"href":"https:\/\/linitiative.ca\/International\/wp-json\/wp\/v2\/types\/post"}],"author":[{"embeddable":true,"href":"https:\/\/linitiative.ca\/International\/wp-json\/wp\/v2\/users\/1738"}],"replies":[{"embeddable":true,"href":"https:\/\/linitiative.ca\/International\/wp-json\/wp\/v2\/comments?post=114132"}],"version-history":[{"count":0,"href":"https:\/\/linitiative.ca\/International\/wp-json\/wp\/v2\/posts\/114132\/revisions"}],"wp:attachment":[{"href":"https:\/\/linitiative.ca\/International\/wp-json\/wp\/v2\/media?parent=114132"}],"wp:term":[{"taxonomy":"category","embeddable":true,"href":"https:\/\/linitiative.ca\/International\/wp-json\/wp\/v2\/categories?post=114132"},{"taxonomy":"post_tag","embeddable":true,"href":"https:\/\/linitiative.ca\/International\/wp-json\/wp\/v2\/tags?post=114132"}],"curies":[{"name":"wp","href":"https:\/\/api.w.org\/{rel}","templated":true}]}}