{"id":114133,"date":"2021-04-01T15:14:08","date_gmt":"2021-04-01T19:14:08","guid":{"rendered":"https:\/\/linitiative.ca\/International\/pros-le-president-du-betis-seville-evoque-la-situation-de-mandi\/"},"modified":"2021-04-01T15:14:08","modified_gmt":"2021-04-01T19:14:08","slug":"pros-le-president-du-betis-seville-evoque-la-situation-de-mandi","status":"publish","type":"post","link":"https:\/\/linitiative.ca\/International\/pros-le-president-du-betis-seville-evoque-la-situation-de-mandi\/","title":{"rendered":"Pros : Le pr\u00e9sident du B\u00e9tis S\u00e9ville \u00e9voque la situation de Mandi"},"content":{"rendered":"<div readability=\"32\">\n<p>Auteur : <span class=\"time\">jeudi 01 avril 2021 15:56<\/span><\/p>\n<\/div>\n<div id=\"post_core\" readability=\"42\">\n<p>Le m\u00e9dia espagnol, Marca, a fait savoir que l\u2019heure de v\u00e9rit\u00e9 a sonn\u00e9 pour le d\u00e9fenseur Alg\u00e9rien du B\u00e9tis S\u00e9ville, Aissa Mandi. La m\u00eame source explique que les n\u00e9gociations entre les deux parties \u00e9taient longues pour la prolongation du joueur Alg\u00e9rien avec le club andalou. Pour sa part, le pr\u00e9sident du B\u00e9tis S\u00e9ville, \u00c1ngel Haro a d\u00e9clar\u00e9 \u00e0 propos de ce sujet:\u00a0\u00abJ\u2019ai discut\u00e9 avec le joueur. C\u2019est quelqu\u2019un de professionnel et de tr\u00e8s s\u00e9rieux. C\u2019est aussi notre capitaine.\u00bb a-t-il d\u00e9clar\u00e9, avant d\u2019ajouter\u00a0:\u00a0\u00abCe qui est sur est que le joueur ne se met pas d\u2019accord avec n\u2019importe quel club. Toutefois, le joueur doit \u00eatre clair en affichant sa position de vouloir rester ou pas au club pour une longue p\u00e9riode.\u00bb<\/p>\n<p><strong>Publi\u00e9 dans :<\/strong> <span>Mandi<\/span><\/p>\n<\/div>\n<p>Auteur:<br \/>\n<a href=\"http:\/\/www.lebuteur.com\/article\/detail?titre=le-president-du-betis-seville-evoque-la-situation-de-mandi&#038;id=99577&#038;utm_source=feedburner&#038;utm_medium=feed&#038;utm_campaign=Feed%3A+GalerieFArtciles+%28Les+derniers+articles++-+lebuteur.com%29\">Cliquez ici pour lire l&rsquo;article depuis sa source.<\/a><\/p>\n","protected":false},"excerpt":{"rendered":"<p>Auteur : jeudi 01 avril 2021 15:56 Le m\u00e9dia espagnol, Marca, a fait savoir que l\u2019heure de v\u00e9rit\u00e9 a sonn\u00e9 pour le d\u00e9fenseur Alg\u00e9rien du B\u00e9tis S\u00e9ville, Aissa Mandi. La m\u00eame source explique que les n\u00e9gociations entre les deux parties \u00e9taient longues pour la prolongation du joueur Alg\u00e9rien avec le club andalou. Pour sa part, [&hellip;]<\/p>\n","protected":false},"author":1738,"featured_media":0,"comment_status":"closed","ping_status":"closed","sticky":false,"template":"","format":"standard","meta":{"fifu_image_url":"\/\/cdn.lebuteur.com\/data\/images\/article\/thumbs\/large-le-president-du-betis-seville-evoque-la-situation-de-mandi-19012.jpg","fifu_image_alt":"Pros : Le pr\u00e9sident du B\u00e9tis S\u00e9ville \u00e9voque la situation de Mandi","footnotes":""},"categories":[53,75],"tags":[],"class_list":["post-114133","post","type-post","status-publish","format-standard","hentry","category-algerie","category-sport"],"_links":{"self":[{"href":"https:\/\/linitiative.ca\/International\/wp-json\/wp\/v2\/posts\/114133","targetHints":{"allow":["GET"]}}],"collection":[{"href":"https:\/\/linitiative.ca\/International\/wp-json\/wp\/v2\/posts"}],"about":[{"href":"https:\/\/linitiative.ca\/International\/wp-json\/wp\/v2\/types\/post"}],"author":[{"embeddable":true,"href":"https:\/\/linitiative.ca\/International\/wp-json\/wp\/v2\/users\/1738"}],"replies":[{"embeddable":true,"href":"https:\/\/linitiative.ca\/International\/wp-json\/wp\/v2\/comments?post=114133"}],"version-history":[{"count":0,"href":"https:\/\/linitiative.ca\/International\/wp-json\/wp\/v2\/posts\/114133\/revisions"}],"wp:attachment":[{"href":"https:\/\/linitiative.ca\/International\/wp-json\/wp\/v2\/media?parent=114133"}],"wp:term":[{"taxonomy":"category","embeddable":true,"href":"https:\/\/linitiative.ca\/International\/wp-json\/wp\/v2\/categories?post=114133"},{"taxonomy":"post_tag","embeddable":true,"href":"https:\/\/linitiative.ca\/International\/wp-json\/wp\/v2\/tags?post=114133"}],"curies":[{"name":"wp","href":"https:\/\/api.w.org\/{rel}","templated":true}]}}