{"id":114137,"date":"2021-04-01T06:06:38","date_gmt":"2021-04-01T10:06:38","guid":{"rendered":"https:\/\/linitiative.ca\/International\/sofiane-chioukh-membre-de-linstance-presidentielle-du-ffs-les-elections-legislatives-ne-constituent-pas-la-solution-a-la-crise\/"},"modified":"2021-04-01T06:06:38","modified_gmt":"2021-04-01T10:06:38","slug":"sofiane-chioukh-membre-de-linstance-presidentielle-du-ffs-les-elections-legislatives-ne-constituent-pas-la-solution-a-la-crise","status":"publish","type":"post","link":"https:\/\/linitiative.ca\/International\/sofiane-chioukh-membre-de-linstance-presidentielle-du-ffs-les-elections-legislatives-ne-constituent-pas-la-solution-a-la-crise\/","title":{"rendered":"Sofiane Chioukh. membre de l\u2019instance pr\u00e9sidentielle du FFS : \u00abLes \u00e9lections l\u00e9gislatives ne constituent pas la solution \u00e0 la crise\u00bb"},"content":{"rendered":"<h4 class=\"title-14\"\/>\n<div class=\"featured_image\"><img loading=\"lazy\" decoding=\"async\" width=\"367\" height=\"409\" src=\"https:\/\/www.elwatan.com\/wp-content\/uploads\/2021\/03\/LE-PARTI.gif\" class=\"attachment-post-thumbnail size-post-thumbnail wp-post-image\" alt=\"\"\/> <span class=\"featured-image-caption\">Sofiane Chioukh \/ Photo : D. R.<\/span><\/div>\n<p class=\"p4\"><span class=\"s4\"><strong>Dans cet entretien, le professeur Sofiane Chioukh, membre de l\u2019instance pr\u00e9sidentielle du FFS, revient sur la session extraordinaire du conseil national, convoqu\u00e9e pour le 3 avril afin de d\u00e9battre et de se positionner sur la question des l\u00e9gislatives anticip\u00e9es du 12 juin prochain. Selon lui, la culture du libre d\u00e9bat est bien ancr\u00e9e au FFS, o\u00f9 des avis contradictoires s\u2019expriment. Cela tout en assurant que seul le conseil national est habilit\u00e9 \u00e0 prendre les d\u00e9cisions d\u2019une telle importance. Il aborde \u00e9galement le 6<sup>e<\/sup>\u00a0congr\u00e8s ordinaire du parti, qui se tiendra fin septembre prochain, un rendez-vous organique qui constitue, selon lui, une \u00e9tape politique charni\u00e8re dans la vie du parti.<\/strong><\/span><\/p>\n<ul>\n<li class=\"p9\"><em><strong><span class=\"s4\">Le FFS statuera sur les \u00e9lections l\u00e9gislatives du 12 juin prochain lors d\u2019une session extraordinaire du conseil national, pr\u00e9vue pour le 3 avril. Comment cette r\u00e9union de l\u2019instance d\u00e9lib\u00e9rante se pr\u00e9sente-t-elle\u00a0?<\/span><\/strong><\/em><\/li>\n<\/ul>\n<p class=\"p9\"><span class=\"s4\">L\u2019un des engagements de l\u2019instance pr\u00e9sidentielle du FFS, \u00e9lue \u00e0 l\u2019occasion du dernier congr\u00e8s national extraordinaire, \u00e9tait la r\u00e9habilitation du conseil national du parti en sa qualit\u00e9 de haute instance de d\u00e9lib\u00e9ration et de contr\u00f4le. Les membres du conseil national auront \u00e0 d\u00e9battre en toute transparence et responsabilit\u00e9.<\/span><\/p>\n<p class=\"p9\"><span class=\"s4\">Il faut noter que cette r\u00e9union se pr\u00e9sente devant nous dans un contexte national marqu\u00e9 d\u2019une part par la poursuite de la mobilisation populaire pacifique, qui va crescendo, pour exiger l\u2019instauration d\u2019un Etat de droit et, d\u2019autre part, par le maintien d\u2019un agenda \u00e9lectoral pour l\u2019organisation d\u2019\u00e9lections l\u00e9gislatives anticip\u00e9es qui, fort probablement, conna\u00eetront le m\u00eame sort de boycott observ\u00e9 lors de l\u2019\u00e9lection pr\u00e9sidentielle et du r\u00e9f\u00e9rendum sur l\u2019amendement de la Constitution.<\/span><\/p>\n<ul>\n<li class=\"p9\"><em><strong><span class=\"s4\">Habituellement discret, vous avez fait part r\u00e9cemment dans la presse de votre position personnelle sur les \u00e9lections l\u00e9gislatives, en affirmant que le FFS ne saurait participer \u00e0 un tel scrutin dans les conditions actuelles. Pourquoi\u00a0? Y a-t-il deux tendances qui s\u2019affrontent au sein du parti ?<\/span><\/strong><\/em><\/li>\n<\/ul>\n<p class=\"p9\"><span class=\"s4\">A mon avis, ces \u00e9lections l\u00e9gislatives anticip\u00e9es, dans les conditions actuelles, ne constituent pas la solution et ne sauraient r\u00e9sorber la crise multidimensionnelle que traverse notre pays.<\/span><\/p>\n<p class=\"p9\"><span class=\"s4\">Le FFS, depuis sa cr\u00e9ation, a toujours \u0153uvr\u00e9 \u00e0 garantir le libre d\u00e9bat et \u00e0 pr\u00e9server la d\u00e9mocratie interne dans l\u2019ensemble des processus de prise de d\u00e9cision. Cette culture de d\u00e9bat, quand bien m\u00eame contradictoire, fait du parti la citadelle des luttes, l\u00e0 o\u00f9 l\u2019appellation \u00abFront\u00bb prend tout son sens.<\/span><\/p>\n<p class=\"p9\"><span class=\"s4\">De ce fait, il me semble tout \u00e0 fait naturel, voire m\u00eame imp\u00e9ratif, de prendre part \u00e0 ce d\u00e9bat et d\u2019exprimer les arguments et les points de vue politiques dans un sens ou son contraire, ceci non sans rappeler qu\u2019en d\u00e9finitif, seul le conseil national est habilit\u00e9 \u00e0 prendre les d\u00e9cisions d\u2019une telle importance.<\/span><\/p>\n<p class=\"p9\"><span class=\"s4\">Quant aux diff\u00e9rents avis exprim\u00e9s sur le sujet du rejet, de non-participation ou participation aux prochaines l\u00e9gislatives ne sont que la d\u00e9monstration de l\u2019existence d\u2019une bonne ambiance politique interne dans la s\u00e9r\u00e9nit\u00e9 et la p\u00e9dagogie requises.<\/span><\/p>\n<ul>\n<li class=\"p9\"><em><strong><span class=\"s4\">Dans sa derni\u00e8re d\u00e9claration, l\u2019instance pr\u00e9sidentielle s\u2019est r\u00e9jouie du regain de la s\u00e9r\u00e9nit\u00e9 et de la convivialit\u00e9 au sein des diff\u00e9rentes structures locales et nationales du parti. Une s\u00e9r\u00e9nit\u00e9 \u00abrenforc\u00e9e par la r\u00e9habilitation des espaces de d\u00e9bats internes\u00bb. Peut-on ainsi dire que la longue crise qui a secou\u00e9 le FFS n\u2019est qu\u2019un lointain souvenir\u00a0?\u00a0\u00a0<\/span><\/strong><\/em><\/li>\n<\/ul>\n<p class=\"p9\"><span class=\"s4\">Nous avons certes travers\u00e9 des moments difficiles, mais aujourd\u2019hui, le parti \u00e0 retrouver la s\u00e9r\u00e9nit\u00e9. Depuis l\u2019\u00e9lection d\u2019une nouvelle direction lors du dernier congr\u00e8s extraordinaire, nous \u0153uvrons sans rel\u00e2che et \u00e0 tous les niveaux afin d\u2019instaurer un climat de confiance et de transparence dans la gestion du parti, une large op\u00e9ration de restructuration est en cours afin d\u2019atteindre notre engagement et objectif principal, \u00e0 savoir l\u2019organisation du sixi\u00e8me congr\u00e8s national ordinaire, d\u2019une part, mais aussi la r\u00e9habilitation des espaces de d\u00e9bats internes qui repr\u00e9sentent l\u2019incubateur de toutes les id\u00e9es, concepts et propositions de notre parti, d\u2019autre part.<\/span><\/p>\n<ul>\n<li class=\"p9\"><em><strong><span class=\"s4\">Le 6<sup>e<\/sup> congr\u00e8s ordinaire du parti est convoqu\u00e9 pour fin septembre. Qu\u2019en pensez-vous ?<\/span><\/strong><\/em><\/li>\n<\/ul>\n<p class=\"p9\"><span class=\"s4\">L\u2019engagement d\u2019organiser le congr\u00e8s ordinaire du parti a \u00e9t\u00e9 pris par l\u2019actuelle instance pr\u00e9sidentielle du parti d\u00e8s son \u00e9lection. Toutefois, les conditions sanitaires et notre attachement au respect des mesures barri\u00e8res de pr\u00e9vention contre la propagation de la Covid-19 nous ont contraints \u00e0 r\u00e9duire consid\u00e9rablement nos activit\u00e9s organiques.<\/span><\/p>\n<p class=\"p9\"><span class=\"s4\">Pour nous, la tenue d\u2019un congr\u00e8s national n\u2019est s\u00fbrement pas une formalit\u00e9 administrative, \u00e0 exp\u00e9dier rapidement, mais plut\u00f4t une \u00e9tape politique charni\u00e8re dans la vie du parti.<\/span><\/p>\n<p class=\"p9\"><span class=\"s4\">Partant de ce postulat, nous allons travailler dans le sens d\u2019examiner, \u00e0 travers l\u2019audit interne, le degr\u00e9 de r\u00e9alisation et d\u2019ex\u00e9cution des d\u00e9cisions et r\u00e9solutions du dernier congr\u00e8s et aussi diagnostiquer notre organisation en interne et son degr\u00e9 d\u2019efficacit\u00e9 et d\u2019efficience.<\/span><\/p>\n<ul>\n<li class=\"p9\"><em><strong><span class=\"s4\">Le FFS a lanc\u00e9 une initiative pour une sortie consensuelle de la crise. Les conditions actuelles sont-elles favorables \u00e0 ce consensus national que le parti tente de construire depuis plusieurs ann\u00e9es\u00a0?<\/span><\/strong><\/em><\/li>\n<\/ul>\n<p class=\"p9\"><span class=\"s4\">La crise profonde et multidimensionnelle que traverse notre pays, r\u00e9sultat de plusieurs d\u00e9cennies de gestion opaque et autoritaire, menace sa coh\u00e9sion sociale, \u00e9conomique et politique.<\/span><\/p>\n<p class=\"p9\"><span class=\"s4\">La r\u00e9solution de cette crise impose un v\u00e9ritable sursaut et un haut sens de responsabilit\u00e9, pour \u0153uvrer, avec toutes les forces constructives de cette nation, par un dialogue s\u00e9rieux, d\u00e9complex\u00e9 et transparent, \u00e0 chercher des solutions consensuelles. C\u2019est dans ce sens que le FFS, confort\u00e9 par les r\u00e9solutions de son cinqui\u00e8me congr\u00e8s, propose aujourd\u2019hui plus que jamais son projet de convention nationale pour une sortie consensuelle de la crise.\u00a0<\/span><\/p>\n<p><span class=\"post-views-label\">Post Views:<\/span> <span class=\"post-views-count\">1\u00a0223<\/span><\/p>\n<p><br class=\"c2\"\/><\/p>\n<div class=\"ichhar-moneytagnative c5\" id=\"ichhar-285668454\">\n<p>Advertisements<\/p>\n<\/div>\n<p><br class=\"c2\"\/><br \/>\n<br class=\"c6\"\/><\/p>\n<p>Auteur: Anis Khecheba<br \/>\n<a href=\"https:\/\/www.elwatan.com\/edition\/actualite\/les-elections-legislatives-ne-constituent-pas-la-solution-a-la-crise-01-04-2021\">Cliquez ici pour lire l&rsquo;article depuis sa source.<\/a><\/p>\n","protected":false},"excerpt":{"rendered":"<p>Sofiane Chioukh \/ Photo : D. R. Dans cet entretien, le professeur Sofiane Chioukh, membre de l\u2019instance pr\u00e9sidentielle du FFS, revient sur la session extraordinaire du conseil national, convoqu\u00e9e pour le 3 avril afin de d\u00e9battre et de se positionner sur la question des l\u00e9gislatives anticip\u00e9es du 12 juin prochain. Selon lui, la culture du [&hellip;]<\/p>\n","protected":false},"author":1743,"featured_media":0,"comment_status":"closed","ping_status":"closed","sticky":false,"template":"","format":"standard","meta":{"fifu_image_url":"https:\/\/www.elwatan.com\/wp-content\/uploads\/2021\/03\/LE-PARTI.gif","fifu_image_alt":"Sofiane Chioukh. membre de l\u2019instance pr\u00e9sidentielle du FFS : \u00abLes \u00e9lections l\u00e9gislatives ne constituent pas la solution \u00e0 la crise\u00bb","footnotes":""},"categories":[73,53],"tags":[],"class_list":["post-114137","post","type-post","status-publish","format-standard","hentry","category-actualite","category-algerie"],"_links":{"self":[{"href":"https:\/\/linitiative.ca\/International\/wp-json\/wp\/v2\/posts\/114137","targetHints":{"allow":["GET"]}}],"collection":[{"href":"https:\/\/linitiative.ca\/International\/wp-json\/wp\/v2\/posts"}],"about":[{"href":"https:\/\/linitiative.ca\/International\/wp-json\/wp\/v2\/types\/post"}],"author":[{"embeddable":true,"href":"https:\/\/linitiative.ca\/International\/wp-json\/wp\/v2\/users\/1743"}],"replies":[{"embeddable":true,"href":"https:\/\/linitiative.ca\/International\/wp-json\/wp\/v2\/comments?post=114137"}],"version-history":[{"count":0,"href":"https:\/\/linitiative.ca\/International\/wp-json\/wp\/v2\/posts\/114137\/revisions"}],"wp:attachment":[{"href":"https:\/\/linitiative.ca\/International\/wp-json\/wp\/v2\/media?parent=114137"}],"wp:term":[{"taxonomy":"category","embeddable":true,"href":"https:\/\/linitiative.ca\/International\/wp-json\/wp\/v2\/categories?post=114137"},{"taxonomy":"post_tag","embeddable":true,"href":"https:\/\/linitiative.ca\/International\/wp-json\/wp\/v2\/tags?post=114137"}],"curies":[{"name":"wp","href":"https:\/\/api.w.org\/{rel}","templated":true}]}}