{"id":114138,"date":"2021-04-01T06:07:26","date_gmt":"2021-04-01T10:07:26","guid":{"rendered":"https:\/\/linitiative.ca\/International\/situation-des-droits-de-lhomme-dans-le-monde-le-departement-detat-americain-critique-envers-lalgerie\/"},"modified":"2021-04-01T06:07:26","modified_gmt":"2021-04-01T10:07:26","slug":"situation-des-droits-de-lhomme-dans-le-monde-le-departement-detat-americain-critique-envers-lalgerie","status":"publish","type":"post","link":"https:\/\/linitiative.ca\/International\/situation-des-droits-de-lhomme-dans-le-monde-le-departement-detat-americain-critique-envers-lalgerie\/","title":{"rendered":"Situation des droits de l\u2019homme dans le monde : Le d\u00e9partement d\u2019Etat am\u00e9ricain critique envers l\u2019Alg\u00e9rie"},"content":{"rendered":"<h4 class=\"title-14\"\/>\n<div class=\"featured_image\"><img loading=\"lazy\" decoding=\"async\" width=\"1276\" height=\"844\" src=\"https:\/\/www.elwatan.com\/wp-content\/uploads\/2021\/03\/HIRAK.gif\" class=\"attachment-post-thumbnail size-post-thumbnail wp-post-image\" alt=\"\"\/> <span class=\"featured-image-caption\">Photo : Sami K. \/ La diplomatie am\u00e9ricaine parle d\u2019un acharnement contre les manifestants<\/span><\/div>\n<p class=\"p4\"><span class=\"s2\"><strong>Le rapport fait \u00e9tat du non-respect des libert\u00e9s de r\u00e9union et d\u2019association, le refoulement de r\u00e9fugi\u00e9s vers des pays o\u00f9 leurs vies pourraient \u00eatre mises en danger.<\/strong><\/span><\/p>\n<p class=\"p4\"><span class=\"s2\"><strong>D<\/strong><\/span><span class=\"s2\">ans son rapport annuel, publi\u00e9 ce mardi, sur la situation des droits de l\u2019homme dans le monde, couvrant la p\u00e9riode allant du 1<sup>er<\/sup> janvier au 31 d\u00e9cembre 2020, le d\u00e9partement d\u2019Etat am\u00e9ricain note des violations des droits de l\u2019homme commises par l\u2019Etat alg\u00e9rien.<\/span><\/p>\n<p class=\"p4\"><span class=\"s2\">Le rapport cite ainsi la d\u00e9tention arbitraire de prisonniers politiques, le manque d\u2019ind\u00e9pendance et d\u2019impartialit\u00e9 judiciaires, l\u2019ing\u00e9rence ill\u00e9gale dans la vie priv\u00e9e, les graves restrictions \u00e0 la libert\u00e9 d\u2019expression et de la presse, y compris \u00e0 travers des lois p\u00e9nales sur la diffamation, les arrestations de journalistes et le blocage de sites d\u2019information.<\/span><\/p>\n<p class=\"p4\"><span class=\"s2\">Le rapport fait \u00e9tat du non-respect des libert\u00e9s de r\u00e9union et d\u2019association, le refoulement de r\u00e9fugi\u00e9s vers des pays o\u00f9 leurs vies pourraient \u00eatre mises en danger, l\u2019absence d\u2019enqu\u00eate pour d\u00e9finir les responsabilit\u00e9s dans des dossiers li\u00e9s \u00e0 la violence \u00e0 l\u2019\u00e9gard des femmes, la \u00abtraite des personnes\u00bb, la criminalisation des relations sexuelles consenties entre des personnes du m\u00eame sexe ainsi que des restrictions importantes \u00e0 la libert\u00e9 syndicale des travailleurs et le travail des enfants.<\/span><\/p>\n<p class=\"p4\"><span class=\"s2\">Allant dans le d\u00e9tail le rapport explique que le gouvernement alg\u00e9rien a pris des mesures pour <em>\u00abenqu\u00eater, poursuivre ou punir les fonctionnaires qui ont commis des violations, en particulier la corruption, alors que l\u2019impunit\u00e9 de la police et des agents de s\u00e9curit\u00e9 demeurait un probl\u00e8me.<\/em><\/span><\/p>\n<p class=\"p4\"><span class=\"s2\"><em>Le gouvernement a fourni des informations sur les mesures prises contre les responsables accus\u00e9s d\u2019actes r\u00e9pr\u00e9hensibles\u00bb<\/em>,\u00a0indique le rapport, qui note dans le chapitre portant sur les conditions d\u2019incarc\u00e9ration les abus psychologiques et physiques signal\u00e9s dans les centres de d\u00e9tention <em>\u00abLes avocats et militants des droits de l\u2019homme se sont d\u00e9clar\u00e9s pr\u00e9occup\u00e9s par la gestion de la Covid-19 dans les prisons.\u00bb<\/em><\/span><\/p>\n<p class=\"p7\"><span class=\"s2\">L\u2019usage excessif du mandat de d\u00e9p\u00f4t par la justice alg\u00e9rienne est soulev\u00e9 dans le rapport, qui pr\u00e9cise que <em>\u00ables lois interdisent les arrestations et d\u00e9tentions arbitraires. Mais le recours abusif \u00e0 la d\u00e9tention provisoire a co\u00efncid\u00e9 avec le d\u00e9but du mouvement de protestation populaire en f\u00e9vrier 2019\u00bb<\/em>.<\/span><\/p>\n<p class=\"p8\"><strong><span class=\"s2\">Acharnement contre les manifestants<\/span><\/strong><\/p>\n<p class=\"p7\"><span class=\"s2\">La diplomatie am\u00e9ricaine parle d\u2019un acharnement contre les manifestants. <em>\u00abLes forces de s\u00e9curit\u00e9 ont arr\u00eat\u00e9 r\u00e9guli\u00e8rement des personnes qui participaient \u00e0 des manifestations non autoris\u00e9es. Les personnes arr\u00eat\u00e9es ont d\u00e9clar\u00e9 que les autorit\u00e9s les avaient d\u00e9tenues pendant quatre \u00e0 huit heures avant de les rel\u00e2cher sans inculpation\u00bb<\/em>,\u00a0pr\u00e9cise dans ce cadre le rapport, qui rappelle que bien que la loi interdise les arrestations et d\u00e9tentions arbitraires, les autorit\u00e9s ont utilis\u00e9 des subterfuges tels que l\u2019\u00abincitation \u00e0 attroupement non arm\u00e9\u00bb et \u00aboutrage \u00e0 corps constitu\u00e9\u00bb pour arr\u00eater et d\u00e9tenir des personnes les accusant de troubler l\u2019ordre public ou critiquant le gouvernement.<\/span><\/p>\n<p class=\"p7\"><span class=\"s2\">Le d\u00e9partement d\u2019Etat a \u00e9galement soulign\u00e9 dans son rapport la situation des d\u00e9tenus et prisonniers politiques en Alg\u00e9rie. Il cite le CNLD, qui donne le nombre de <em>\u00ab61 prisonniers politiques associ\u00e9s au hirak qui \u00e9taient d\u00e9tenus par les autorit\u00e9s, parmi eux des journalistes, des militants, des avocats, des personnalit\u00e9s de l\u2019opposition et des manifestants du hirak\u00bb<\/em>,\u00a0indique le rapport, qui \u00e9voque, par ailleurs, l\u2019emprisonnement de Louisa Hanoune, les d\u00e9boires v\u00e9cues par feu Lakhdar Bouregaa, l\u2019incarc\u00e9ration du g\u00e9n\u00e9ral Ali Ghediri, Rachid Nekkaz et Karim Tabbou ainsi que les poursuites dont ont fait l\u2019objet Amira Bouraoui, Slimane Hamitouche et Samir Benlarbi.<\/span><\/p>\n<p class=\"p7\"><span class=\"s2\">Le rapport du d\u00e9partement d\u2019Etat am\u00e9ricain consacre \u00e9galement un chapitre aux violations des libert\u00e9s d\u2019expression, dont la libert\u00e9 de la presse. Il \u00e9voque dans ce contexte les arrestations et emprisonnements du journaliste Khaled Drareni, du \u00abpo\u00e8te du hirak\u00bb Mohamed Tadjadit ou encore de l\u2019activiste Issam Sayeh ainsi que de Walid Kechida.<em><br \/><\/em><\/span><\/p>\n<p><span class=\"post-views-label\">Post Views:<\/span> <span class=\"post-views-count\">2\u00a0477<\/span><\/p>\n<p><br class=\"c2\"\/><\/p>\n<div class=\"ichhar-moneytagnative c5\" id=\"ichhar-1121159565\">\n<p>Advertisements<\/p>\n<\/div>\n<p><br class=\"c2\"\/><br \/>\n<br class=\"c6\"\/><\/p>\n<p>Auteur: Anis Khecheba<br \/>\n<a href=\"https:\/\/www.elwatan.com\/edition\/actualite\/le-departement-detat-americain-critique-envers-lalgerie-01-04-2021\">Cliquez ici pour lire l&rsquo;article depuis sa source.<\/a><\/p>\n","protected":false},"excerpt":{"rendered":"<p>Photo : Sami K. \/ La diplomatie am\u00e9ricaine parle d\u2019un acharnement contre les manifestants Le rapport fait \u00e9tat du non-respect des libert\u00e9s de r\u00e9union et d\u2019association, le refoulement de r\u00e9fugi\u00e9s vers des pays o\u00f9 leurs vies pourraient \u00eatre mises en danger. Dans son rapport annuel, publi\u00e9 ce mardi, sur la situation des droits de l\u2019homme [&hellip;]<\/p>\n","protected":false},"author":1743,"featured_media":0,"comment_status":"closed","ping_status":"closed","sticky":false,"template":"","format":"standard","meta":{"fifu_image_url":"https:\/\/www.elwatan.com\/wp-content\/uploads\/2021\/03\/HIRAK.gif","fifu_image_alt":"Situation des droits de l\u2019homme dans le monde : Le d\u00e9partement d\u2019Etat am\u00e9ricain critique envers l\u2019Alg\u00e9rie","footnotes":""},"categories":[73,53],"tags":[],"class_list":["post-114138","post","type-post","status-publish","format-standard","hentry","category-actualite","category-algerie"],"_links":{"self":[{"href":"https:\/\/linitiative.ca\/International\/wp-json\/wp\/v2\/posts\/114138","targetHints":{"allow":["GET"]}}],"collection":[{"href":"https:\/\/linitiative.ca\/International\/wp-json\/wp\/v2\/posts"}],"about":[{"href":"https:\/\/linitiative.ca\/International\/wp-json\/wp\/v2\/types\/post"}],"author":[{"embeddable":true,"href":"https:\/\/linitiative.ca\/International\/wp-json\/wp\/v2\/users\/1743"}],"replies":[{"embeddable":true,"href":"https:\/\/linitiative.ca\/International\/wp-json\/wp\/v2\/comments?post=114138"}],"version-history":[{"count":0,"href":"https:\/\/linitiative.ca\/International\/wp-json\/wp\/v2\/posts\/114138\/revisions"}],"wp:attachment":[{"href":"https:\/\/linitiative.ca\/International\/wp-json\/wp\/v2\/media?parent=114138"}],"wp:term":[{"taxonomy":"category","embeddable":true,"href":"https:\/\/linitiative.ca\/International\/wp-json\/wp\/v2\/categories?post=114138"},{"taxonomy":"post_tag","embeddable":true,"href":"https:\/\/linitiative.ca\/International\/wp-json\/wp\/v2\/tags?post=114138"}],"curies":[{"name":"wp","href":"https:\/\/api.w.org\/{rel}","templated":true}]}}