{"id":114139,"date":"2021-04-01T06:08:06","date_gmt":"2021-04-01T10:08:06","guid":{"rendered":"https:\/\/linitiative.ca\/International\/les-syndicats-de-la-sante-annoncent-une-greve-pour-le-7-avril\/"},"modified":"2021-04-01T06:08:06","modified_gmt":"2021-04-01T10:08:06","slug":"les-syndicats-de-la-sante-annoncent-une-greve-pour-le-7-avril","status":"publish","type":"post","link":"https:\/\/linitiative.ca\/International\/les-syndicats-de-la-sante-annoncent-une-greve-pour-le-7-avril\/","title":{"rendered":"Les syndicats de la sant\u00e9 annoncent une gr\u00e8ve pour le 7 avril"},"content":{"rendered":"<h4 class=\"title-14\">Afin de d\u00e9noncer la non-satisfaction de leurs revendications par la tutelle<\/h4>\n<div class=\"featured_image\"><img loading=\"lazy\" decoding=\"async\" width=\"1701\" height=\"1132\" src=\"https:\/\/www.elwatan.com\/wp-content\/uploads\/2021\/03\/sami-medecins-2.gif\" class=\"attachment-post-thumbnail size-post-thumbnail wp-post-image\" alt=\"\"\/> <span class=\"featured-image-caption\">Photo : Sami K. \/ Apr\u00e8s avoir tir\u00e9 la sonnette d\u2019alarme, les syndicats de la sant\u00e9 annoncent une gr\u00e8ve<\/span><\/div>\n<p class=\"p4\"><span class=\"s2\"><strong>Les syndicats s\u2019offusquent que les mesures annonc\u00e9es en avril 2020 par le chef de l\u2019Etat ne soient pas appliqu\u00e9es par la tutelle. Ils d\u00e9noncent la non-satisfaction de leurs revendications li\u00e9es, entre autres, \u00e0 la prime Covid-19.<\/strong><\/span><\/p>\n<p class=\"p4\"><span class=\"s2\"><strong>D<\/strong><\/span><span class=\"s2\">es syndicats de la sant\u00e9 annoncent l\u2019organisation d\u2019une journ\u00e9e de gr\u00e8ve nationale le 7 avril, <em>\u00abcomme premi\u00e8re protestation\u00bb. \u00abD\u2019autres actions seront entreprises en cas de non-satisfaction de nos revendications\u00bb<\/em>, soulignent des syndicats de la sant\u00e9 (Syndicat national des enseignants chercheurs hospitalo-universitaires (Snechu), Syndicat national des praticiens de sant\u00e9 publique (SNPSP), Syndicat alg\u00e9rien des param\u00e9dicaux (SAP))<span class=\"Apple-converted-space\">\u00a0<\/span> dans leur d\u00e9claration commune, rendue publique \u00e0 l\u2019issue de leur r\u00e9union tenue mardi.<\/span><\/p>\n<p class=\"p7\"><span class=\"s2\">Les syndicats ont rappel\u00e9 l\u2019annonce faite par le pr\u00e9sident Tebboune en avril 2020 de mesures de <em>\u00abrestructuration totale\u00bb<\/em> du syst\u00e8me national de sant\u00e9 en m\u00eame temps que l\u2019<em>\u00abam\u00e9lioration\u00bb<\/em> des conditions de travail du personnel de la sant\u00e9 et l\u2019octroi de la prime d\u2019encouragement. <em>\u00abIl \u00e9tait question d\u2019apporter une r\u00e9flexion sur les statuts des \u00e9tablissements, par la mise en place de la fonction publique hospitali\u00e8re\u00bb<\/em>, souligne le communiqu\u00e9.<\/span><\/p>\n<p class=\"p7\"><span class=\"s2\">Les syndicats s\u2019offusquent que ces mesures annonc\u00e9es par le chef de l\u2019Etat ne soient pas appliqu\u00e9es par la tutelle. <em>\u00abAujourd\u2019hui, le constat demeure amer. Aucune perspective. Apr\u00e8s une ann\u00e9e de lutte continue contre la pand\u00e9mie de Covid-19, le personnel de la sant\u00e9, \u00e9puis\u00e9, tous corps confondus, est d\u00e9\u00e7u de la non-concr\u00e9tisation sur le terrain des diff\u00e9rentes directives du pr\u00e9sident de la R\u00e9publique concernant l\u2019am\u00e9lioration des conditions de travail ainsi que la situation socio\u00e9conomique du corps\u00bb<\/em>, constatent les organisations syndicales.<\/span><\/p>\n<p class=\"p7\"><strong><span class=\"s2\">\u00abNous nous retrouvons au point z\u00e9ro\u00bb<\/span><\/strong><\/p>\n<p class=\"p8\"><span class=\"s2\">Les syndicats de la sant\u00e9 affirment avait tir\u00e9 la sonnette d\u2019alarme au cours de la derni\u00e8re conf\u00e9rence de presse de juillet 2020 quant \u00e0 la <em>\u00abgestion catastrophique\u00bb<\/em> de la crise sanitaire par la tutelle, <em>\u00absans inclure les v\u00e9ritables acteurs sur le terrain, mais aussi les conditions de travail d\u00e9sastreuses, le manque de moyens et le burn-out que vivent au quotidien les blouses blanches\u00bb<\/em>.<\/span><\/p>\n<p class=\"p7\"><span class=\"s2\">Le non-versement de la prime Covid est actuellement l\u2019un des motifs de col\u00e8re dans le secteur. Le 31 mars 2020, le pr\u00e9sident Abdelmadjid Tebboune a annonc\u00e9 l\u2019octroi d\u2019une prime exceptionnelle au profit des personnels des structures et \u00e9tablissements publics relevant du secteur de la sant\u00e9, mobilis\u00e9s dans le cadre de la pr\u00e9vention et de la lutte contre la propagation du coronavirus.<\/span><\/p>\n<p class=\"p7\"><span class=\"s2\">La prime est servie mensuellement selon des montants forfaitaires allant de 10\u00a0000 DA au profit des personnels administratifs et de soutien, 20\u00a0000 DA pour le personnel param\u00e9dical et 40\u00a0000 DA pour le personnel m\u00e9dical.<\/span><\/p>\n<p class=\"p7\"><span class=\"s2\">L\u2019octroi de la prime d\u2019encouragement <em>\u00abprodigu\u00e9e par le plus haut responsable de l\u2019Etat comme mesure incitative<\/em> <em>se voit gel\u00e9e depuis le mois de septembre 2020. L\u2019inflation galopante a totalement \u00e9rod\u00e9 le pouvoir d\u2019achat des soignants, entra\u00eenant la d\u00e9t\u00e9rioration du niveau de vie\u00bb<\/em>, s\u2019agacent les syndicalistes.<\/span><\/p>\n<p class=\"p7\"><span class=\"s2\">A cette situation li\u00e9e \u00e0 la non-application de la plateforme de revendications s\u2019ajoute, constatent-ils, une <em>\u00abentrave quotidienne dans plusieurs wilayas \u00e0 l\u2019activit\u00e9 syndicale par certains responsables de l\u2019administration\u00bb. \u00abAu moment o\u00f9 nous esp\u00e9rons que toutes les revendications de nos adh\u00e9rents, pour lesquelles nous militons depuis des ann\u00e9es, soient concr\u00e9tis\u00e9es, surtout apr\u00e8s tous les sacrifices dont ils font part depuis le d\u00e9but de cette pand\u00e9mie, voil\u00e0 qu\u2019\u00e0 notre plus grande d\u00e9ception nous nous retrouvons au point z\u00e9ro\u00bb,<\/em> s\u2019alarment les organisations syndicales.<span class=\"Apple-converted-space\">\u00a0<\/span><\/span><\/p>\n<p><span class=\"post-views-label\">Post Views:<\/span> <span class=\"post-views-count\">520<\/span><\/p>\n<p><br class=\"c2\"\/><\/p>\n<div class=\"ichhar-moneytagnative c5\" id=\"ichhar-1410969961\">\n<p>Advertisements<\/p>\n<\/div>\n<p><br class=\"c2\"\/><br \/>\n<br class=\"c6\"\/><\/p>\n<p>Auteur: Anis Khecheba<br \/>\n<a href=\"https:\/\/www.elwatan.com\/edition\/actualite\/les-syndicats-de-la-sante-annoncent-une-greve-pour-le-7-avril-01-04-2021\">Cliquez ici pour lire l&rsquo;article depuis sa source.<\/a><\/p>\n","protected":false},"excerpt":{"rendered":"<p>Afin de d\u00e9noncer la non-satisfaction de leurs revendications par la tutelle Photo : Sami K. \/ Apr\u00e8s avoir tir\u00e9 la sonnette d\u2019alarme, les syndicats de la sant\u00e9 annoncent une gr\u00e8ve Les syndicats s\u2019offusquent que les mesures annonc\u00e9es en avril 2020 par le chef de l\u2019Etat ne soient pas appliqu\u00e9es par la tutelle. Ils d\u00e9noncent la [&hellip;]<\/p>\n","protected":false},"author":1743,"featured_media":0,"comment_status":"closed","ping_status":"closed","sticky":false,"template":"","format":"standard","meta":{"fifu_image_url":"https:\/\/www.elwatan.com\/wp-content\/uploads\/2021\/03\/sami-medecins-2.gif","fifu_image_alt":"Les syndicats de la sant\u00e9 annoncent une gr\u00e8ve pour le 7 avril","footnotes":""},"categories":[73,53],"tags":[],"class_list":["post-114139","post","type-post","status-publish","format-standard","hentry","category-actualite","category-algerie"],"_links":{"self":[{"href":"https:\/\/linitiative.ca\/International\/wp-json\/wp\/v2\/posts\/114139","targetHints":{"allow":["GET"]}}],"collection":[{"href":"https:\/\/linitiative.ca\/International\/wp-json\/wp\/v2\/posts"}],"about":[{"href":"https:\/\/linitiative.ca\/International\/wp-json\/wp\/v2\/types\/post"}],"author":[{"embeddable":true,"href":"https:\/\/linitiative.ca\/International\/wp-json\/wp\/v2\/users\/1743"}],"replies":[{"embeddable":true,"href":"https:\/\/linitiative.ca\/International\/wp-json\/wp\/v2\/comments?post=114139"}],"version-history":[{"count":0,"href":"https:\/\/linitiative.ca\/International\/wp-json\/wp\/v2\/posts\/114139\/revisions"}],"wp:attachment":[{"href":"https:\/\/linitiative.ca\/International\/wp-json\/wp\/v2\/media?parent=114139"}],"wp:term":[{"taxonomy":"category","embeddable":true,"href":"https:\/\/linitiative.ca\/International\/wp-json\/wp\/v2\/categories?post=114139"},{"taxonomy":"post_tag","embeddable":true,"href":"https:\/\/linitiative.ca\/International\/wp-json\/wp\/v2\/tags?post=114139"}],"curies":[{"name":"wp","href":"https:\/\/api.w.org\/{rel}","templated":true}]}}