{"id":114143,"date":"2021-04-01T06:00:00","date_gmt":"2021-04-01T10:00:00","guid":{"rendered":"https:\/\/linitiative.ca\/International\/ledito-de-taoufik-habaieb-ne-laissons-pas-notre-diplomatie-sombrer\/"},"modified":"2021-04-01T06:00:00","modified_gmt":"2021-04-01T10:00:00","slug":"ledito-de-taoufik-habaieb-ne-laissons-pas-notre-diplomatie-sombrer","status":"publish","type":"post","link":"https:\/\/linitiative.ca\/International\/ledito-de-taoufik-habaieb-ne-laissons-pas-notre-diplomatie-sombrer\/","title":{"rendered":"L\u2019\u00e9dito de Taoufik Habaieb: Ne laissons pas notre diplomatie sombrer"},"content":{"rendered":"<p class=\"c3\"><span class=\"c2\"><strong>Passage \u00e0 vide ou cas d\u00e9sesp\u00e9r\u00e9?<\/strong><\/span> La diplomatie tunisienne est loin d\u2019\u00eatre au mieux de sa forme. Absence de vision, manque de leadership et tr\u00e8s peu de signaux donn\u00e9s aux ambassades&#8230; et pour tout dire, un amateurisme av\u00e9r\u00e9. Ce fondement de souverainet\u00e9, reflet de notre image dans le monde et levier de d\u00e9veloppement, perd de son lustre et de son impact. Au moment o\u00f9 la Tunisie en a le plus besoin.<\/p>\n<p class=\"c3\"><span class=\"c2\"><strong>Retard \u00e0 l\u2019allumage et au repositionnement<\/strong><\/span>. Face \u00e0 un remodelage rapide de l\u2019\u00e9quilibre des forces dans les relations internationales, nous ne parvenons pas \u00e0 occuper la place de choix qui sied \u00e0 notre d\u00e9mocratie. Avons-nous su reconqu\u00e9rir nos premiers partenaires, susciter de nouveau leur int\u00e9r\u00eat et m\u00e9riter leur soutien ? La diplomatie se joue dans les grandes capitales, avec des atouts majeurs.<\/p>\n<p class=\"c3\"><span class=\"c2\"><strong>Lorsque l\u2019Union europ\u00e9enne propose un nouveau projet pour la M\u00e9diterran\u00e9e, lui a-t-on pr\u00e9sent\u00e9 notre vision, des projets?<\/strong><\/span> Lorsque l\u2019Am\u00e9rique de Joe Biden refonde sa diplomatie sur les alliances et les valeurs, la Tunisie, pourtant alli\u00e9e majeure non membre de l\u2019Otan, s\u2019en est-elle pr\u00e9value ? Serions-nous parmi les acteurs significatifs du sommet sur la d\u00e9mocratie que le pr\u00e9sident am\u00e9ricain pr\u00e9pare pour la fin de l\u2019ann\u00e9e ?<\/p>\n<p class=\"c3\"><span class=\"c2\"><strong>Nous n\u2019int\u00e9ressons plus personne?<\/strong><\/span> Entre repli sur soi, h\u00e9sitations et contre-discours, on multiplie les ruptures successives dans le d\u00e9ni de nos fondamentaux. L\u2019image de la Tunisie ne peut que s\u2019embrouiller davantage.<\/p>\n<p class=\"c3\"><span class=\"c2\"><strong>Un r\u00f4le moteur dans les instances internationales est-il encore \u00e0 notre port\u00e9e ?<\/strong><\/span> Qu\u2019avons-nous fait de notre mandat au sein du Conseil de s\u00e9curit\u00e9 de l\u2019ONU ?<\/p>\n<p class=\"c3\"><span class=\"c2\"><strong>La diplomatie des grandes manifestations n\u2019est pas de se contenter des h\u00e9bergements et de la logistique.<\/strong><\/span> Si la Tunisie s\u2019est propos\u00e9e pour accueillir le sommet de la Francophonie (novembre 2021) et la conf\u00e9rence Ticad (Japon-Afrique, 2022), c\u2019est pour apporter des id\u00e9es neuves, tisser des relations fructueuses et b\u00e9n\u00e9ficier des r\u00e9seaux et opportunit\u00e9s qui s\u2019offrent. Avons-nous fix\u00e9 des objectifs pr\u00e9cis et \u00e9tabli des plans pour y parvenir ?<\/p>\n<p class=\"c3\"><span class=\"c2\"><strong>Les couacs se multiplient.<\/strong><\/span> La Tunisie offre l\u2019image d\u2019un pays qui se d\u00e9sengage de l\u2019action multilat\u00e9rale et des postes internationaux. Un haut diplomate tunisien sollicit\u00e9 en tant qu\u2019envoy\u00e9 sp\u00e9cial de l\u2019ONU pour la Libye ? La r\u00e9ponse est n\u00e9gative. Un \u00e9minent juriste postulant \u00e0 la Cour p\u00e9nale internationale ? Le soutien indispensable lui fera d\u00e9faut. Une candidature \u00e0 un poste de commissaire de l\u2019Union africaine r\u00e9unissant de bonnes chances d\u2019aboutir ? Aucun dossier n\u2019est pr\u00e9sent\u00e9.<\/p>\n<p class=\"c3\"><span class=\"c2\"><strong>Des chefs de la diplomatie ou des ministres des Affaires \u00e9trang\u00e8res, rattach\u00e9s \u00e0 Carthage, en contrat de tr\u00e8s courte dur\u00e9e,<\/strong><\/span> s\u2019interrogent les chancelleries. S\u2019il appartient au pr\u00e9sident de la R\u00e9publique \u00abde d\u00e9terminer les politiques g\u00e9n\u00e9rales dans les domaines de la d\u00e9fense, des relations ext\u00e9rieures et de la s\u00e9curit\u00e9 nationale (&#8230;) et ce, apr\u00e8s consultation du chef du gouvernement \u00bb (Art. 77 de la Constitution), la mise en oeuvre est du ressort du gouvernement, par le ministre des Affaires \u00e9trang\u00e8res. Beaucoup s\u2019y trompent et ne savent plus qui dirige le minist\u00e8re des Affaires \u00e9trang\u00e8res.<\/p>\n<p class=\"c3\"><span class=\"c2\"><strong>Mechichi ajoute \u00e0 la confusion, une gestion a minima.<\/strong><\/span> Pris par d\u2019autres pr\u00e9occupations, il prend quelques initiatives, comme r\u00e9unir des ambassadeurs, appeler des homologues ou effectuer une visite \u00e0 l\u2019\u00e9tranger. Elles restent timides et limit\u00e9es. Son d\u00e9placement \u00e0 Paris, \u00e0 la veille des f\u00eates de fin d\u2019ann\u00e9e en d\u00e9cembre dernier, en illustre le tr\u00e8s faible impact.<\/p>\n<p class=\"c3\"><span class=\"c2\"><strong>Le d\u00e9partement en paye les frais.<\/strong><\/span> Trois ministres successifs des Affaires \u00e9trang\u00e8res en dix-huit mois, trois ambassadeurs \u00e0 New York en six mois, alors que la Tunisie si\u00e8ge au Conseil de s\u00e9curit\u00e9 de l\u2019ONU, un mouvement diplomatique le plus large et le plus co\u00fbteux avec des mutations entre postes lointains : difficile \u00e0 justifier.<\/p>\n<p class=\"c3\"><span class=\"c2\"><strong>Peut-on faire de la bonne diplomatie dans les circonstances actuelles?<\/strong><\/span> Les sceptiques risquent de l\u2019emporter. Mais, dans cet art de l\u2019impossible, rien n\u2019est d\u00e9finitivement perdu.<\/p>\n<p class=\"c3\"><span class=\"c2\"><strong>Une nette distinction est \u00e0 faire entre le ministre et le minist\u00e8re.<\/strong><\/span> Le d\u00e9partement regorge de ressources comp\u00e9tentes. Maintenues en d\u00e9connexion et ne comptant que sur leurs propres efforts, elles n\u2019attendent qu\u2019orientations, inspiration, appui et suivi. Le r\u00f4le d\u2019un ministre est alors crucial.<\/p>\n<p class=\"c3\"><span class=\"c2\"><strong>R\u00e9duire la solution \u00e0 une question d\u2019homme ou de femme \u00e0 la t\u00eate des Affaires \u00e9trang\u00e8res ne suffit pas?<\/strong><\/span> Essentiellement, une vision nouvelle pour notre diplomatie, \u00e0 partir d\u2019une lecture perspicace du nouveau monde, une r\u00e9adaptation de nos paradigmes et un mode op\u00e9ratoire innovant, sont urgents.<\/p>\n<p class=\"c4\"><strong>Taoufik Habaieb<\/strong><\/p>\n<p class=\"c5\"><a href=\"https:\/\/www.leaders.com.tn\/le_mensuel_abonnez_vous\" target=\"_blank\" rel=\"noopener\"><img loading=\"lazy\" decoding=\"async\" src=\"\/uploads\/FCK_files\/Bandeau-Leaders(3).jpg\" alt=\"\" width=\"500\" vspace=\"5\" hspace=\"5\" height=\"128\" align=\"middle\"\/><\/a><\/p>\n<p>Auteur:<br \/>\n<a href=\"https:\/\/www.leaders.com.tn\/article\/31649-l-edito-de-taoufik-habaieb-ne-laissons-pas-notre-diplomatie-sombrer\">Cliquez ici pour lire l&rsquo;article depuis sa source.<\/a><\/p>\n","protected":false},"excerpt":{"rendered":"<p>Passage \u00e0 vide ou cas d\u00e9sesp\u00e9r\u00e9? La diplomatie tunisienne est loin d\u2019\u00eatre au mieux de sa forme. Absence de vision, manque de leadership et tr\u00e8s peu de signaux donn\u00e9s aux ambassades&#8230; et pour tout dire, un amateurisme av\u00e9r\u00e9. Ce fondement de souverainet\u00e9, reflet de notre image dans le monde et levier de d\u00e9veloppement, perd de [&hellip;]<\/p>\n","protected":false},"author":1772,"featured_media":0,"comment_status":"closed","ping_status":"closed","sticky":false,"template":"","format":"standard","meta":{"fifu_image_url":"\/uploads\/FCK_files\/Bandeau-Leaders(3).jpg","fifu_image_alt":"L\u2019\u00e9dito de Taoufik Habaieb: Ne laissons pas notre diplomatie sombrer","footnotes":""},"categories":[73,55],"tags":[],"class_list":["post-114143","post","type-post","status-publish","format-standard","hentry","category-actualite","category-tunisie"],"_links":{"self":[{"href":"https:\/\/linitiative.ca\/International\/wp-json\/wp\/v2\/posts\/114143","targetHints":{"allow":["GET"]}}],"collection":[{"href":"https:\/\/linitiative.ca\/International\/wp-json\/wp\/v2\/posts"}],"about":[{"href":"https:\/\/linitiative.ca\/International\/wp-json\/wp\/v2\/types\/post"}],"author":[{"embeddable":true,"href":"https:\/\/linitiative.ca\/International\/wp-json\/wp\/v2\/users\/1772"}],"replies":[{"embeddable":true,"href":"https:\/\/linitiative.ca\/International\/wp-json\/wp\/v2\/comments?post=114143"}],"version-history":[{"count":0,"href":"https:\/\/linitiative.ca\/International\/wp-json\/wp\/v2\/posts\/114143\/revisions"}],"wp:attachment":[{"href":"https:\/\/linitiative.ca\/International\/wp-json\/wp\/v2\/media?parent=114143"}],"wp:term":[{"taxonomy":"category","embeddable":true,"href":"https:\/\/linitiative.ca\/International\/wp-json\/wp\/v2\/categories?post=114143"},{"taxonomy":"post_tag","embeddable":true,"href":"https:\/\/linitiative.ca\/International\/wp-json\/wp\/v2\/tags?post=114143"}],"curies":[{"name":"wp","href":"https:\/\/api.w.org\/{rel}","templated":true}]}}