{"id":114147,"date":"2021-04-01T06:00:00","date_gmt":"2021-04-01T10:00:00","guid":{"rendered":"https:\/\/linitiative.ca\/International\/tensions-a-la-direction-du-controle-medical\/"},"modified":"2021-04-01T06:00:00","modified_gmt":"2021-04-01T10:00:00","slug":"tensions-a-la-direction-du-controle-medical","status":"publish","type":"post","link":"https:\/\/linitiative.ca\/International\/tensions-a-la-direction-du-controle-medical\/","title":{"rendered":"Tensions \u00e0 la direction du contr\u00f4le m\u00e9dical"},"content":{"rendered":"<p>Le torchon br\u00fble entre le m\u00e9decin chef, responsable du service contr\u00f4le m\u00e9dical au niveau de la Caisse nationale d&rsquo;assurance sociale des travailleurs salari\u00e9s (Cnas) de Tizi-Ouzou et une partie du personnel, essentiellement des m\u00e9decins auxquels se sont joints d\u2019autres employ\u00e9s.<br \/>Ces derniers d\u00e9crivent un climat de travail d\u00e9l\u00e9t\u00e8re au sein du service. En cause, le responsable jug\u00e9 \u00ab autoritaire \u00bb. \u00ab Nous vivons d\u2019insupportables pressions de la part du m\u00e9decin chef qui rendent difficile l\u2019accomplissement de notre t\u00e2che quotidienne \u00bb, relate Mme Bensa\u00efd, fonctionnaire au sein de ce service. Ajoutant : \u00ab La situation perdure depuis plusieurs mois et va en se d\u00e9gradant, et ce, malgr\u00e9 les alertes adress\u00e9es aux diff\u00e9rentes hi\u00e9rarchies, comme le minist\u00e8re de tutelle et la DG de la Cnas .\u00bb \u00ab C\u2019est seulement mercredi et, visiblement, suite \u00e0 l\u2019article publi\u00e9 en page deux du Soir d\u2019Alg\u00e9rie (\u00e9dition du mardi 30 mars 2021, Ndlr), qu\u2019une commission, avec \u00e0 sa t\u00eate, le directeur du contr\u00f4le m\u00e9dical est venue d\u2019Alger pour s\u2019enqu\u00e9rir de la situation\u2008\u00bb, nous confie notre interlocutrice.<br \/>En attendant les conclusions qu&rsquo;aura \u00e0 rendre ladite d\u00e9l\u00e9gation, la s\u00e9r\u00e9nit\u00e9 ne semble pas \u00eatre de mise parmi ce groupe de fonctionnaires qui ont d\u00e9cid\u00e9 de crever l\u2019abc\u00e8s en osant exprimer leur col\u00e8re ouvertement depuis quelque temps. Ils se donnent un d\u00e9lai d\u2019une semaine pour passer \u00e0 des actions radicales dans le cas o\u00f9 leurs dol\u00e9ances ne sont pas prises en charge.<br \/>S. A. M.<\/p>\n<p>Auteur:<br \/>\n<a href=\"https:\/\/www.lesoirdalgerie.com\/regions\/tensions-a-la-direction-du-controle-medical-58884\">Cliquez ici pour lire l&rsquo;article depuis sa source.<\/a><\/p>\n","protected":false},"excerpt":{"rendered":"<p>Le torchon br\u00fble entre le m\u00e9decin chef, responsable du service contr\u00f4le m\u00e9dical au niveau de la Caisse nationale d&rsquo;assurance sociale des travailleurs salari\u00e9s (Cnas) de Tizi-Ouzou et une partie du personnel, essentiellement des m\u00e9decins auxquels se sont joints d\u2019autres employ\u00e9s.Ces derniers d\u00e9crivent un climat de travail d\u00e9l\u00e9t\u00e8re au sein du service. En cause, le responsable [&hellip;]<\/p>\n","protected":false},"author":1741,"featured_media":0,"comment_status":"closed","ping_status":"closed","sticky":false,"template":"","format":"standard","meta":{"fifu_image_url":"","fifu_image_alt":"","footnotes":""},"categories":[73,53],"tags":[],"class_list":["post-114147","post","type-post","status-publish","format-standard","hentry","category-actualite","category-algerie"],"_links":{"self":[{"href":"https:\/\/linitiative.ca\/International\/wp-json\/wp\/v2\/posts\/114147","targetHints":{"allow":["GET"]}}],"collection":[{"href":"https:\/\/linitiative.ca\/International\/wp-json\/wp\/v2\/posts"}],"about":[{"href":"https:\/\/linitiative.ca\/International\/wp-json\/wp\/v2\/types\/post"}],"author":[{"embeddable":true,"href":"https:\/\/linitiative.ca\/International\/wp-json\/wp\/v2\/users\/1741"}],"replies":[{"embeddable":true,"href":"https:\/\/linitiative.ca\/International\/wp-json\/wp\/v2\/comments?post=114147"}],"version-history":[{"count":0,"href":"https:\/\/linitiative.ca\/International\/wp-json\/wp\/v2\/posts\/114147\/revisions"}],"wp:attachment":[{"href":"https:\/\/linitiative.ca\/International\/wp-json\/wp\/v2\/media?parent=114147"}],"wp:term":[{"taxonomy":"category","embeddable":true,"href":"https:\/\/linitiative.ca\/International\/wp-json\/wp\/v2\/categories?post=114147"},{"taxonomy":"post_tag","embeddable":true,"href":"https:\/\/linitiative.ca\/International\/wp-json\/wp\/v2\/tags?post=114147"}],"curies":[{"name":"wp","href":"https:\/\/api.w.org\/{rel}","templated":true}]}}