{"id":114148,"date":"2021-04-01T06:00:00","date_gmt":"2021-04-01T10:00:00","guid":{"rendered":"https:\/\/linitiative.ca\/International\/draria-croule-sous-les-ordures\/"},"modified":"2021-04-01T06:00:00","modified_gmt":"2021-04-01T10:00:00","slug":"draria-croule-sous-les-ordures","status":"publish","type":"post","link":"https:\/\/linitiative.ca\/International\/draria-croule-sous-les-ordures\/","title":{"rendered":"Draria croule sous les ordures"},"content":{"rendered":"<p class=\"c3\">Les habitants de la commune de Draria, \u00e0 Alger, assistent, impuissants, \u00e0 une forte d\u00e9gradation de leur cadre de vie et ce, depuis bient\u00f4t un mois. Exactement depuis que l\u2019entreprise Extranet ne proc\u00e8de plus au ramassage des ordures. Aucune explication n\u2019a \u00e9t\u00e9 fournie aux habitants sur cette subite d\u00e9fection.<br \/>Ni par Extranet ni par aucune autre partie concern\u00e9e.<\/p>\n<p>Auteur:<br \/>\n<a href=\"https:\/\/www.lesoirdalgerie.com\/periscoop\/draria-croule-sous-les-ordures-58883\">Cliquez ici pour lire l&rsquo;article depuis sa source.<\/a><\/p>\n","protected":false},"excerpt":{"rendered":"<p>Les habitants de la commune de Draria, \u00e0 Alger, assistent, impuissants, \u00e0 une forte d\u00e9gradation de leur cadre de vie et ce, depuis bient\u00f4t un mois. Exactement depuis que l\u2019entreprise Extranet ne proc\u00e8de plus au ramassage des ordures. Aucune explication n\u2019a \u00e9t\u00e9 fournie aux habitants sur cette subite d\u00e9fection.Ni par Extranet ni par aucune autre [&hellip;]<\/p>\n","protected":false},"author":1741,"featured_media":0,"comment_status":"closed","ping_status":"closed","sticky":false,"template":"","format":"standard","meta":{"fifu_image_url":"","fifu_image_alt":"","footnotes":""},"categories":[73,53],"tags":[],"class_list":["post-114148","post","type-post","status-publish","format-standard","hentry","category-actualite","category-algerie"],"_links":{"self":[{"href":"https:\/\/linitiative.ca\/International\/wp-json\/wp\/v2\/posts\/114148","targetHints":{"allow":["GET"]}}],"collection":[{"href":"https:\/\/linitiative.ca\/International\/wp-json\/wp\/v2\/posts"}],"about":[{"href":"https:\/\/linitiative.ca\/International\/wp-json\/wp\/v2\/types\/post"}],"author":[{"embeddable":true,"href":"https:\/\/linitiative.ca\/International\/wp-json\/wp\/v2\/users\/1741"}],"replies":[{"embeddable":true,"href":"https:\/\/linitiative.ca\/International\/wp-json\/wp\/v2\/comments?post=114148"}],"version-history":[{"count":0,"href":"https:\/\/linitiative.ca\/International\/wp-json\/wp\/v2\/posts\/114148\/revisions"}],"wp:attachment":[{"href":"https:\/\/linitiative.ca\/International\/wp-json\/wp\/v2\/media?parent=114148"}],"wp:term":[{"taxonomy":"category","embeddable":true,"href":"https:\/\/linitiative.ca\/International\/wp-json\/wp\/v2\/categories?post=114148"},{"taxonomy":"post_tag","embeddable":true,"href":"https:\/\/linitiative.ca\/International\/wp-json\/wp\/v2\/tags?post=114148"}],"curies":[{"name":"wp","href":"https:\/\/api.w.org\/{rel}","templated":true}]}}