{"id":114149,"date":"2021-04-01T06:00:00","date_gmt":"2021-04-01T10:00:00","guid":{"rendered":"https:\/\/linitiative.ca\/International\/les-architectes-pretent-serment\/"},"modified":"2021-04-01T06:00:00","modified_gmt":"2021-04-01T10:00:00","slug":"les-architectes-pretent-serment","status":"publish","type":"post","link":"https:\/\/linitiative.ca\/International\/les-architectes-pretent-serment\/","title":{"rendered":"Les architectes pr\u00eatent serment"},"content":{"rendered":"<p>Ils \u00e9taient un peu plus d\u2019une trentaine d\u2019architectes des wilayas du sud-ouest du pays, au courant de cette semaine, \u00e0 avoir pr\u00eat\u00e9 serment devant le conseil r\u00e9gional.<br \/>C\u2019est, en effet, une nouvelle promotion des wilayas de B\u00e9char, Adrar, Tindouf, El-Bayadh et Na\u00e2ma qui vient d\u2019effectuer un stage de 18 mois, pour rejoindre le Conseil de l\u2019ordre des architectes apr\u00e8s avoir pr\u00eat\u00e9 cet acte solennel.<br \/>Ces architectes vont aussit\u00f4t prendre leurs nouvelles fonctions au niveau de leur wilaya.<br \/>B. Henine<\/p>\n<p>Auteur:<br \/>\n<a href=\"https:\/\/www.lesoirdalgerie.com\/regions\/les-architectes-pretent-serment-58882\">Cliquez ici pour lire l&rsquo;article depuis sa source.<\/a><\/p>\n","protected":false},"excerpt":{"rendered":"<p>Ils \u00e9taient un peu plus d\u2019une trentaine d\u2019architectes des wilayas du sud-ouest du pays, au courant de cette semaine, \u00e0 avoir pr\u00eat\u00e9 serment devant le conseil r\u00e9gional.C\u2019est, en effet, une nouvelle promotion des wilayas de B\u00e9char, Adrar, Tindouf, El-Bayadh et Na\u00e2ma qui vient d\u2019effectuer un stage de 18 mois, pour rejoindre le Conseil de l\u2019ordre [&hellip;]<\/p>\n","protected":false},"author":1741,"featured_media":0,"comment_status":"closed","ping_status":"closed","sticky":false,"template":"","format":"standard","meta":{"fifu_image_url":"","fifu_image_alt":"","footnotes":""},"categories":[73,53],"tags":[],"class_list":["post-114149","post","type-post","status-publish","format-standard","hentry","category-actualite","category-algerie"],"_links":{"self":[{"href":"https:\/\/linitiative.ca\/International\/wp-json\/wp\/v2\/posts\/114149","targetHints":{"allow":["GET"]}}],"collection":[{"href":"https:\/\/linitiative.ca\/International\/wp-json\/wp\/v2\/posts"}],"about":[{"href":"https:\/\/linitiative.ca\/International\/wp-json\/wp\/v2\/types\/post"}],"author":[{"embeddable":true,"href":"https:\/\/linitiative.ca\/International\/wp-json\/wp\/v2\/users\/1741"}],"replies":[{"embeddable":true,"href":"https:\/\/linitiative.ca\/International\/wp-json\/wp\/v2\/comments?post=114149"}],"version-history":[{"count":0,"href":"https:\/\/linitiative.ca\/International\/wp-json\/wp\/v2\/posts\/114149\/revisions"}],"wp:attachment":[{"href":"https:\/\/linitiative.ca\/International\/wp-json\/wp\/v2\/media?parent=114149"}],"wp:term":[{"taxonomy":"category","embeddable":true,"href":"https:\/\/linitiative.ca\/International\/wp-json\/wp\/v2\/categories?post=114149"},{"taxonomy":"post_tag","embeddable":true,"href":"https:\/\/linitiative.ca\/International\/wp-json\/wp\/v2\/tags?post=114149"}],"curies":[{"name":"wp","href":"https:\/\/api.w.org\/{rel}","templated":true}]}}