{"id":114151,"date":"2021-04-01T06:00:00","date_gmt":"2021-04-01T10:00:00","guid":{"rendered":"https:\/\/linitiative.ca\/International\/en-prevision-du-mois-de-ramadhan-ouverture-de-7-marches-de-proximite\/"},"modified":"2021-04-01T06:00:00","modified_gmt":"2021-04-01T10:00:00","slug":"en-prevision-du-mois-de-ramadhan-ouverture-de-7-marches-de-proximite","status":"publish","type":"post","link":"https:\/\/linitiative.ca\/International\/en-prevision-du-mois-de-ramadhan-ouverture-de-7-marches-de-proximite\/","title":{"rendered":"En pr\u00e9vision du mois de Ramadhan, ouverture de 7 march\u00e9s de proximit\u00e9"},"content":{"rendered":"<p>Il est attendu en pr\u00e9vision du mois de Ramadhan l&rsquo;ouverture de pas moins de 7 march\u00e9s de proximit\u00e9 \u00e0 travers le territoire de la wilaya de M\u00e9d\u00e9a, selon le premier responsable du secteur. Des marchandises vari\u00e9es dont des produits de premi\u00e8re n\u00e9cessit\u00e9 et de large consommation seront propos\u00e9s aux citoyens \u00e0 des prix comp\u00e9titifs.<br \/>Aussi, des mesures ont \u00e9t\u00e9 prises, en coordination avec les autorit\u00e9s locales, les commer\u00e7ants et les producteurs agricoles, pour d\u00e9terminer une liste \u00abtemporaire de 7 points de vente agr\u00e9\u00e9s et s\u00e9curis\u00e9s au profit des citoyens, \u00e0 partir du premier jour du mois de je\u00fbne, avec l&rsquo;\u00e9ventualit\u00e9 d&rsquo;augmenter ce nombre au cours des prochains jours \u00bb, a-t-on appris.<br \/>Ces espaces de vente de produits alimentaires de large consommation, de fruits et l\u00e9gumes, ainsi que des viandes rouges et de volailles seront am\u00e9nag\u00e9s dans les grandes villes de la wilaya de M\u00e9d\u00e9a et les nouvelles cit\u00e9s, en l&rsquo;occurrence dans le chef-lieu de la wilaya.<br \/>Cependant, dans le m\u00eame contexte, cette initiative vise \u00e0 casser les prix, \u00e0 contrecarrer la concurrence d\u00e9loyale et \u00e0 prot\u00e9ger les familles aux maigres revenus, en offrant au producteur la possibilit\u00e9 de vendre sa marchandise directement au citoyen.<br \/>Rappelons que la Direction locale du commerce, conjointement avec les instances habilit\u00e9es dont la S\u00fbret\u00e9 nationale et la Gendarmerie nationale, a lanc\u00e9 une campagne de lutte contre la concurrence d\u00e9loyale et la protection du consommateur.<br \/>Dans ce sens, plusieurs commer\u00e7ants contrevenants ont \u00e9t\u00e9 p\u00e9nalis\u00e9s et certains rappel\u00e9s \u00e0 l&rsquo;ordre. Cependant la \u00ab traque \u00bb continue !<br \/>M. L.<\/p>\n<p>Auteur:<br \/>\n<a href=\"https:\/\/www.lesoirdalgerie.com\/regions\/en-prevision-du-mois-de-ramadhan-ouverture-de-7-marches-de-proximite-58880\">Cliquez ici pour lire l&rsquo;article depuis sa source.<\/a><\/p>\n","protected":false},"excerpt":{"rendered":"<p>Il est attendu en pr\u00e9vision du mois de Ramadhan l&rsquo;ouverture de pas moins de 7 march\u00e9s de proximit\u00e9 \u00e0 travers le territoire de la wilaya de M\u00e9d\u00e9a, selon le premier responsable du secteur. Des marchandises vari\u00e9es dont des produits de premi\u00e8re n\u00e9cessit\u00e9 et de large consommation seront propos\u00e9s aux citoyens \u00e0 des prix comp\u00e9titifs.Aussi, des [&hellip;]<\/p>\n","protected":false},"author":1741,"featured_media":0,"comment_status":"closed","ping_status":"closed","sticky":false,"template":"","format":"standard","meta":{"fifu_image_url":"","fifu_image_alt":"","footnotes":""},"categories":[73,53],"tags":[],"class_list":["post-114151","post","type-post","status-publish","format-standard","hentry","category-actualite","category-algerie"],"_links":{"self":[{"href":"https:\/\/linitiative.ca\/International\/wp-json\/wp\/v2\/posts\/114151","targetHints":{"allow":["GET"]}}],"collection":[{"href":"https:\/\/linitiative.ca\/International\/wp-json\/wp\/v2\/posts"}],"about":[{"href":"https:\/\/linitiative.ca\/International\/wp-json\/wp\/v2\/types\/post"}],"author":[{"embeddable":true,"href":"https:\/\/linitiative.ca\/International\/wp-json\/wp\/v2\/users\/1741"}],"replies":[{"embeddable":true,"href":"https:\/\/linitiative.ca\/International\/wp-json\/wp\/v2\/comments?post=114151"}],"version-history":[{"count":0,"href":"https:\/\/linitiative.ca\/International\/wp-json\/wp\/v2\/posts\/114151\/revisions"}],"wp:attachment":[{"href":"https:\/\/linitiative.ca\/International\/wp-json\/wp\/v2\/media?parent=114151"}],"wp:term":[{"taxonomy":"category","embeddable":true,"href":"https:\/\/linitiative.ca\/International\/wp-json\/wp\/v2\/categories?post=114151"},{"taxonomy":"post_tag","embeddable":true,"href":"https:\/\/linitiative.ca\/International\/wp-json\/wp\/v2\/tags?post=114151"}],"curies":[{"name":"wp","href":"https:\/\/api.w.org\/{rel}","templated":true}]}}