{"id":114154,"date":"2021-04-01T17:02:05","date_gmt":"2021-04-01T21:02:05","guid":{"rendered":"https:\/\/linitiative.ca\/International\/tunisie-aucune-transparence-dans-les-rapports-concernant-lavancement-de-la-campagne-de-vaccination\/"},"modified":"2021-04-01T17:02:05","modified_gmt":"2021-04-01T21:02:05","slug":"tunisie-aucune-transparence-dans-les-rapports-concernant-lavancement-de-la-campagne-de-vaccination","status":"publish","type":"post","link":"https:\/\/linitiative.ca\/International\/tunisie-aucune-transparence-dans-les-rapports-concernant-lavancement-de-la-campagne-de-vaccination\/","title":{"rendered":"Tunisie \u2013 Aucune transparence dans les rapports concernant l\u2019avancement de la campagne de vaccination"},"content":{"rendered":"<div class=\"post-cont-in left relative\">\n<div id=\"post-info-wrap\" class=\"left relative post-info-out\">\n<div class=\"post-info-img left relative\"><img decoding=\"async\" alt=\"\" src=\"https:\/\/secure.gravatar.com\/avatar\/96253f4a657b482a18e837c1252096c2?s=50&amp;d=mm&amp;r=g\" srcset=\"https:\/\/secure.gravatar.com\/avatar\/96253f4a657b482a18e837c1252096c2?s=100&amp;d=mm&amp;r=g 2x\" class=\"avatar avatar-50 photo\" height=\"50\" width=\"50\" loading=\"lazy\"\/><\/div>\n<div class=\"post-info-in\">\n<div class=\"post-info-right left relative post-info-name left relative\"><span><span class=\"post-info-text\">Par<\/span> <span class=\"author-name vcard fn author\"><a href=\"https:\/\/www.tunisienumerique.com\/author\/saber\/\" title=\"Articles par Saber .\" rel=\"author\">Saber .<\/a><\/span><\/span> <span class=\"post-date updated\"><time class=\"post-date updated\" datetime=\"2021-04-01\">\u00a0| Il y a 1 minute<\/time><\/span><br \/>\n<meta itemprop=\"dateModified\" content=\"2021-04-01\"\/><\/div>\n<div class=\"left relative\"><button id=\"listenButton1\" class=\"responsivevoice-button\" type=\"button\" value=\"Play\" title=\"\u00c9coutez l'article\"><span>\ud83d\udd0a \u00c9coutez l&rsquo;article<\/span><\/button>\n<\/div>\n<\/div>\n<\/div>\n<p>Le minist\u00e8re de la sant\u00e9, toujours confortablement install\u00e9 dans son autisme, refuse de voir la r\u00e9alit\u00e9 en face. Il se plait dans un faux sentiment d\u2019autosatisfaction, notamment en ce qui concerne la conduite de la campagne de vaccination anti covid. Le probl\u00e8me c\u2019est qu\u2019on ne sait pas si le ministre est r\u00e9ellement satisfait de lui-m\u00eame et de son travail, ou s\u2019il est oblig\u00e9 de donner le change pour d\u00e9tourner l\u2019attention des citoyens.<\/p>\n<div class=\"code-block code-block-1 c4\">\n <ins class=\"adsbygoogle c3\" data-ad-layout=\"in-article\" data-ad-format=\"fluid\" data-ad-client=\"ca-pub-2102118777505746\" data-ad-slot=\"7301775417\"\/>\n<\/div>\n<p>Car s\u2019il est, r\u00e9ellement, satisfait de son travail comme il ne cesse de le r\u00e9p\u00e9ter, car si c\u2019est le cas, cela devient grave et on aurait int\u00e9r\u00eat \u00e0 le tirer de ses doux r\u00eaves, en lui montrant les exemple de ceux qui ont, r\u00e9ellement, r\u00e9ussi leur campagne, comme le Maroc, par exemple.<\/p>\n<p>Par ailleurs, on a le mauvais sentiment d\u2019\u00eatre men\u00e9s en barque, par les propos du ministre, car la r\u00e9alit\u00e9 au niveau des centres de vaccination est toute autre. Et les d\u00e9clarations du minist\u00e8re manquent, s\u00e9rieusement, de transparence. Un exemple de ce manque a consist\u00e9 dans le fait de pr\u00e9tendre que dans certaines r\u00e9gions, les personnes inscrites sur les listes des patients de plus de 75 ans, ont toutes \u00e9t\u00e9 vaccin\u00e9es, et on est pass\u00e9s au palier suivant, celui des patients \u00e2g\u00e9s de 60 \u00e0 75 ans. Or, le fait de pr\u00e9tendre cela, sans pr\u00e9ciser les r\u00e9gions dont on parle, est de la pure sp\u00e9culation. Car chacun de nous a, dans sa famille, des personnes de plus de 75 ans, qui attendent, \u00e0 ce jour, leur convocation. Et ils ne peuvent pas savoir s\u2019ils vont \u00eatre convoqu\u00e9s ou si leur inscription a \u00e9t\u00e9 n\u00e9glig\u00e9e et que leur r\u00e9gion compte parmi celles qui ont achev\u00e9 la premi\u00e8re phase de la vaccination.<\/p>\n<p>Quand on est d\u00e9faillant, c\u2019est grave, et quand on est d\u00e9faillant sans le savoir c\u2019est pire, mais c\u2019est quand on est d\u00e9faillant et qu\u2019on le sait mais qu\u2019on s\u2019ent\u00eate \u00e0 mentir \u00e0 son prochain, que \u00e7\u00e0 devient catastrophique\u00a0!<\/p>\n<div class=\"swp_social_panel swp_horizontal_panel swp_flat_fresh swp_default_full_color swp_individual_full_color swp_other_full_color scale-100 scale-\" data-min-width=\"1100\" data-float-color=\"#ffffff\" data-float=\"bottom\" data-float-mobile=\"bottom\" data-transition=\"slide\">\n<div class=\"nc_tweetContainer swp_share_button total_shares total_sharesalt\"><span class=\"swp_count\">0 <span class=\"swp_label\">Partages<\/span><\/span><\/div>\n<\/div>\n<p><strong>Que se passe-t-il en Tunisie?<\/strong><br \/>Nous expliquons sur notre <a href=\"https:\/\/www.youtube.com\/channel\/UCRzypVq0B_yBad5eGrwBx0Q?sub_confirmation=1\" target=\"_blank\" rel=\"noopener\">cha\u00eene YouTube<\/a> . <a href=\"https:\/\/www.youtube.com\/channel\/UCRzypVq0B_yBad5eGrwBx0Q?sub_confirmation=1\" target=\"_blank\" rel=\"noopener\">Abonnez-vous!<\/a><\/p>\n<div class=\"mvp-org-wrap\" itemprop=\"publisher\">\n<div class=\"mvp-org-logo\" itemprop=\"logo\"><img decoding=\"async\" src=\"https:\/\/www.tunisienumerique.com\/wp-content\/uploads\/2017\/02\/logo_tunisie_numerique.png\"\/><br \/>\n<meta itemprop=\"url\" content=\"https:\/\/www.tunisienumerique.com\/wp-content\/uploads\/2017\/02\/logo_tunisie_numerique.png\"\/><\/div>\n<p><meta content=\"Tunisie\"\/><\/div>\n<div class=\"mvp-related-posts left relative\">\n<h4 class=\"post-header\"><span class=\"post-header\">Lire aussi<\/span><\/h4>\n<\/div>\n<div id=\"article-ad\">\n <ins class=\"adsbygoogle c5\" data-ad-client=\"ca-pub-2102118777505746\" data-ad-slot=\"6513972734\" data-ad-format=\"auto\" data-full-width-responsive=\"true\"\/>\n<\/div>\n<\/div>\n<div id=\"post-sidebar-wrap\">\n <ins class=\"adsbygoogle c5\" data-ad-client=\"ca-pub-2102118777505746\" data-ad-slot=\"6168283410\" data-ad-format=\"auto\" data-full-width-responsive=\"true\"\/>\n<\/div>\n<p>Auteur: Saber .<br \/>\n<a href=\"https:\/\/www.tunisienumerique.com\/tunisie-aucune-transparence-dans-les-rapports-concernant-lavancement-de-la-campagne-de-vaccination\/\">Cliquez ici pour lire l&rsquo;article depuis sa source.<\/a><\/p>\n","protected":false},"excerpt":{"rendered":"<p>Par Saber . \u00a0| Il y a 1 minute \ud83d\udd0a \u00c9coutez l&rsquo;article Le minist\u00e8re de la sant\u00e9, toujours confortablement install\u00e9 dans son autisme, refuse de voir la r\u00e9alit\u00e9 en face. Il se plait dans un faux sentiment d\u2019autosatisfaction, notamment en ce qui concerne la conduite de la campagne de vaccination anti covid. Le probl\u00e8me c\u2019est [&hellip;]<\/p>\n","protected":false},"author":1789,"featured_media":0,"comment_status":"closed","ping_status":"closed","sticky":false,"template":"","format":"standard","meta":{"fifu_image_url":"https:\/\/secure.gravatar.com\/avatar\/96253f4a657b482a18e837c1252096c2?s=50&d=mm&r=g","fifu_image_alt":"Tunisie \u2013 Aucune transparence dans les rapports concernant l\u2019avancement de la campagne de vaccination","footnotes":""},"categories":[73,55],"tags":[],"class_list":["post-114154","post","type-post","status-publish","format-standard","hentry","category-actualite","category-tunisie"],"_links":{"self":[{"href":"https:\/\/linitiative.ca\/International\/wp-json\/wp\/v2\/posts\/114154","targetHints":{"allow":["GET"]}}],"collection":[{"href":"https:\/\/linitiative.ca\/International\/wp-json\/wp\/v2\/posts"}],"about":[{"href":"https:\/\/linitiative.ca\/International\/wp-json\/wp\/v2\/types\/post"}],"author":[{"embeddable":true,"href":"https:\/\/linitiative.ca\/International\/wp-json\/wp\/v2\/users\/1789"}],"replies":[{"embeddable":true,"href":"https:\/\/linitiative.ca\/International\/wp-json\/wp\/v2\/comments?post=114154"}],"version-history":[{"count":0,"href":"https:\/\/linitiative.ca\/International\/wp-json\/wp\/v2\/posts\/114154\/revisions"}],"wp:attachment":[{"href":"https:\/\/linitiative.ca\/International\/wp-json\/wp\/v2\/media?parent=114154"}],"wp:term":[{"taxonomy":"category","embeddable":true,"href":"https:\/\/linitiative.ca\/International\/wp-json\/wp\/v2\/categories?post=114154"},{"taxonomy":"post_tag","embeddable":true,"href":"https:\/\/linitiative.ca\/International\/wp-json\/wp\/v2\/tags?post=114154"}],"curies":[{"name":"wp","href":"https:\/\/api.w.org\/{rel}","templated":true}]}}