{"id":114157,"date":"2021-04-01T15:26:01","date_gmt":"2021-04-01T19:26:01","guid":{"rendered":"https:\/\/linitiative.ca\/International\/investiture-de-mohamed-bazoum-sur-fond-de-bruits-de-bottes\/"},"modified":"2021-04-01T15:26:01","modified_gmt":"2021-04-01T19:26:01","slug":"investiture-de-mohamed-bazoum-sur-fond-de-bruits-de-bottes","status":"publish","type":"post","link":"https:\/\/linitiative.ca\/International\/investiture-de-mohamed-bazoum-sur-fond-de-bruits-de-bottes\/","title":{"rendered":"INVESTITURE DE MOHAMED BAZOUM SUR FOND DE BRUITS DE BOTTES"},"content":{"rendered":"<p class=\"c4\"><em>C\u2019est aujourd\u2019hui 2 avril 2021, que le nouveau pr\u00e9sident du Niger, Mohamed Bazoum, pr\u00eate serment \u00e0\u00a0 Niamey. Pour un \u00e9v\u00e9nement historique, c\u2019en est un. En effet, c\u2019est la premi\u00e8re fois dans l\u2019histoire du pays, qu\u2019un pr\u00e9sident \u00e9lu d\u00e9mocratiquement succ\u00e8de \u00e0 un pr\u00e9sident d\u00e9mocratiquement \u00e9lu \u00e9galement. Et l\u2019on doit cette d\u00e9volution d\u00e9mocratique du pouvoir et cette alternance au sommet de l\u2019Etat du Niger, \u00e0 un certain Mahamadou Issoufou. Et dans cette Afrique o\u00f9 bien des dirigeants n\u2019ont pas pu r\u00e9sister \u00e0 la tentation du 3<sup>e<\/sup> mandat, le comportement du pr\u00e9sident sortant nig\u00e9rien m\u00e9rite d\u2019\u00eatre mis en lumi\u00e8re avec l\u2019espoir qu\u2019il inspirera les pr\u00e9sidents en activit\u00e9 qui seraient tent\u00e9s de s\u2019inscrire\u00a0 \u00e0 l\u2019\u00e9cole de Yoweri Museveni, de Denis Sassou Nguesso, de Idriss Deby Itno, de Faure Gnassingb\u00e9 ou encore d\u2019Alpha Cond\u00e9. Et l\u2019on en oublie. Le Niger peut donc l\u00e9gitimement c\u00e9l\u00e9brer l\u2019\u00e9v\u00e9nement. Cela dit, Mohamed Bazoum prend officiellement les r\u00eanes du pouvoir dans un contexte o\u00f9 le Niger traverse des moments tr\u00e8s difficiles. Et les mots choisis pour le dire, rel\u00e8vent pratiquement de l\u2019euph\u00e9misme. De ce point de vue, Mohamed Bazoum risque fort de ne pas b\u00e9n\u00e9ficier d\u2019une p\u00e9riode de gr\u00e2ce, tant les d\u00e9fis qu\u2019il doit relever sont immenses comme le d\u00e9sert du T\u00e9n\u00e9r\u00e9, et pressants. Le premier d\u2019entre eux, est, sans conteste, celui de la s\u00e9curit\u00e9. En effet, le Niger, dans sa partie ouest-frontali\u00e8re du Mali et du Burkina, est r\u00e9guli\u00e8rement attaqu\u00e9 par des groupes terroristes affili\u00e9s \u00e0 Al Qaida et \u00e0 l\u2019Etat islamique. Et comme si cela ne suffisait pas pour son malheur, le groupe nig\u00e9rian Boko Haram s\u2019est invit\u00e9 dans sa partie est-frontali\u00e8re du Nigeria o\u00f9 il s\u00e8me fr\u00e9quemment la mort et la d\u00e9solation.<\/em><\/p>\n<p class=\"c4\"><em>\u00a0<\/em><\/p>\n<p class=\"c6\"><strong><em>La tentative de coup d\u2019Etat pourrait \u00eatre l\u2019une des cons\u00e9quences de ce climat politique d\u00e9l\u00e9t\u00e8re<\/em><\/strong><\/p>\n<p class=\"c4\"><em>\u00a0<\/em><\/p>\n<p class=\"c4\"><em>\u00a0La pacification de ces deux fronts se pose donc comme un pr\u00e9alable \u00e0 toute action de\u00a0 d\u00e9veloppement dans ces zones meurtries du pays, o\u00f9 la mis\u00e8re des populations est ambiante.\u00a0 Et comme si les terroristes s\u2019\u00e9taient concert\u00e9s pour souhaiter, \u00e0 leur fa\u00e7on, la bienvenue \u00e0 Mohamed Bazoum, les attaques contre les civils se sont multipli\u00e9es ces derniers temps. La derni\u00e8re de ces attaques de grande ampleur, a eu lieu le 21 mars dernier dans la r\u00e9gion de Tahoua, faisant 141 morts. Le deuxi\u00e8me grand d\u00e9fi pressant que Bazoum doit relever, est celui du d\u00e9veloppement du Niger.\u00a0<\/em> <em>En effet, le Niger compte parmi les pays les plus pauvres de la plan\u00e8te. Et le moindre effort qui est fait dans le sens du d\u00e9veloppement, est vite annihil\u00e9 par le fort taux de natalit\u00e9 du pays. A titre d\u2019illustration, chaque femme nig\u00e9rienne fait entre 6 \u00e0 10 enfants. La t\u00e2che du pr\u00e9sident philosophe marxisant s\u2019av\u00e8re difficile dans ce pays o\u00f9 les pesanteurs socio-culturelles exercent encore une forte influence sur les populations. Une des cons\u00e9quences du sous-d\u00e9veloppement du Niger, est le ch\u00f4mage end\u00e9mique et structurel auquel les jeunes sont en proie. Bazoum doit faire de la r\u00e9solution de ce fl\u00e9au, un pr\u00e9requis au traitement de la question terroriste. Sans cela, toute action d\u2019\u00e9radication du terrorisme s\u2019apparenterait au tonneau des Dana\u00efdes. Le troisi\u00e8me d\u00e9fi est li\u00e9 \u00e0 la situation socio-politique du Niger. En effet, le pays aujourd\u2019hui est secou\u00e9 par une grave crise politique qui tire ses origines du processus \u00e9lectoral qui a vu la victoire de Mohamed Bazoum. Et la fronde est entretenue par le candidat malheureux, Mahamane Ousmane. En effet, ce dernier conteste toujours les r\u00e9sultats du scrutin et a appel\u00e9 l\u2019Opposition \u00e0 ne pas si\u00e9ger \u00e0 l\u2019Assembl\u00e9e et l\u2019arm\u00e9e \u00e0 ne plus respecter les ordres donn\u00e9s par Mohamed Bazoum.<\/em> <em>La tentative de coup d\u2019Etat que le pays vient de conna\u00eetre, pourrait \u00eatre l\u2019une des cons\u00e9quences de ce climat politique d\u00e9l\u00e9t\u00e8re. En tout cas, ce triste \u00e9v\u00e9nement est suffisamment r\u00e9v\u00e9lateur du fait que nos d\u00e9mocraties sont encore fragiles. D\u2019o\u00f9 la n\u00e9cessit\u00e9 de travailler chaque jour que Dieu fait, \u00e0 leur consolidation. Et cela passe par la mise en place d\u2019institutions fortes comme le sugg\u00e9rait Barack Obama. En tout cas, le fait que le Niger ait pu organiser la c\u00e9r\u00e9monie d\u2019investiture du nouveau pr\u00e9sident \u00e9lu, et cela apr\u00e8s que le pays a \u00e9t\u00e9 secou\u00e9 par un coup d\u2019Etat, est la preuve que c\u2019est la d\u00e9mocratie qui a triomph\u00e9 de toutes ces forces r\u00e9trogrades qui r\u00eavent de renouer le Niger \u00e0 l\u2019arbitraire.<\/em><\/p>\n<p class=\"c4\"><em>\u00a0<\/em><\/p>\n<p class=\"c6\"><strong><em>Pousdem PICKOU<\/em><\/strong><\/p>\n<p>Auteur: Editions LEPAYS<br \/>\n<a href=\"https:\/\/lepays.bf\/investiture-de-mohamed-bazoum-sur-fond-de-bruits-de-bottes\/\">Cliquez ici pour lire l&rsquo;article depuis sa source.<\/a><\/p>\n","protected":false},"excerpt":{"rendered":"<p>C\u2019est aujourd\u2019hui 2 avril 2021, que le nouveau pr\u00e9sident du Niger, Mohamed Bazoum, pr\u00eate serment \u00e0\u00a0 Niamey. Pour un \u00e9v\u00e9nement historique, c\u2019en est un. En effet, c\u2019est la premi\u00e8re fois dans l\u2019histoire du pays, qu\u2019un pr\u00e9sident \u00e9lu d\u00e9mocratiquement succ\u00e8de \u00e0 un pr\u00e9sident d\u00e9mocratiquement \u00e9lu \u00e9galement. Et l\u2019on doit cette d\u00e9volution d\u00e9mocratique du pouvoir et cette [&hellip;]<\/p>\n","protected":false},"author":1813,"featured_media":0,"comment_status":"closed","ping_status":"closed","sticky":false,"template":"","format":"standard","meta":{"fifu_image_url":"","fifu_image_alt":"","footnotes":""},"categories":[73,81],"tags":[],"class_list":["post-114157","post","type-post","status-publish","format-standard","hentry","category-actualite","category-burkina-faso"],"_links":{"self":[{"href":"https:\/\/linitiative.ca\/International\/wp-json\/wp\/v2\/posts\/114157","targetHints":{"allow":["GET"]}}],"collection":[{"href":"https:\/\/linitiative.ca\/International\/wp-json\/wp\/v2\/posts"}],"about":[{"href":"https:\/\/linitiative.ca\/International\/wp-json\/wp\/v2\/types\/post"}],"author":[{"embeddable":true,"href":"https:\/\/linitiative.ca\/International\/wp-json\/wp\/v2\/users\/1813"}],"replies":[{"embeddable":true,"href":"https:\/\/linitiative.ca\/International\/wp-json\/wp\/v2\/comments?post=114157"}],"version-history":[{"count":0,"href":"https:\/\/linitiative.ca\/International\/wp-json\/wp\/v2\/posts\/114157\/revisions"}],"wp:attachment":[{"href":"https:\/\/linitiative.ca\/International\/wp-json\/wp\/v2\/media?parent=114157"}],"wp:term":[{"taxonomy":"category","embeddable":true,"href":"https:\/\/linitiative.ca\/International\/wp-json\/wp\/v2\/categories?post=114157"},{"taxonomy":"post_tag","embeddable":true,"href":"https:\/\/linitiative.ca\/International\/wp-json\/wp\/v2\/tags?post=114157"}],"curies":[{"name":"wp","href":"https:\/\/api.w.org\/{rel}","templated":true}]}}