{"id":114162,"date":"2021-04-01T17:05:08","date_gmt":"2021-04-01T21:05:08","guid":{"rendered":"https:\/\/linitiative.ca\/International\/uemoa-la-cour-de-justice-plaide-pour-la-vulgarisation-du-droit-communautaire\/"},"modified":"2021-04-01T17:05:08","modified_gmt":"2021-04-01T21:05:08","slug":"uemoa-la-cour-de-justice-plaide-pour-la-vulgarisation-du-droit-communautaire","status":"publish","type":"post","link":"https:\/\/linitiative.ca\/International\/uemoa-la-cour-de-justice-plaide-pour-la-vulgarisation-du-droit-communautaire\/","title":{"rendered":"UEMOA : la cour de justice plaide pour la vulgarisation du droit communautaire"},"content":{"rendered":"<div class=\"td-post-featured-image\"><a href=\"https:\/\/www.sidwaya.info\/wp-content\/uploads\/2021\/04\/1-3.jpg\" data-caption=\"\"><img loading=\"lazy\" decoding=\"async\" width=\"595\" height=\"375\" class=\"entry-thumb td-modal-image\" src=\"https:\/\/www.sidwaya.info\/wp-content\/uploads\/2021\/04\/1-3.jpg\" srcset=\"https:\/\/www.sidwaya.info\/wp-content\/uploads\/2021\/04\/1-3.jpg 595w, https:\/\/www.sidwaya.info\/wp-content\/uploads\/2021\/04\/1-3-300x189.jpg 300w, https:\/\/www.sidwaya.info\/wp-content\/uploads\/2021\/04\/1-3-150x95.jpg 150w\" sizes=\"auto, (max-width: 595px) 100vw, 595px\" alt=\"\" title=\"1\"\/><\/a><\/div>\n<p><strong>Le chef de l\u2019Etat, Roch Marc Christian Kabor\u00e9, en sa qualit\u00e9 de pr\u00e9sident de la Conf\u00e9rence des chefs d\u2019Etat et de gouvernement de l\u2019UEMOA, a re\u00e7u une d\u00e9l\u00e9gation de la Cour de justice de l\u2019UEMOA, le jeudi 1er avril 2021 \u00e0 Kosyam.<\/strong><\/p>\n<p>La Cour de justice de l\u2019Union \u00e9conomique et mon\u00e9taire Ouest africaine (UEMOA) f\u00e9licite le pr\u00e9sident du Faso, Roch Marc Christian Kabor\u00e9, \u00e9lu \u00e0 la t\u00eate de la Pr\u00e9sidence de la Conf\u00e9rence des Chefs d\u2019Etat et de Gouvernement de l\u2019UEMOA, lors du 22e sommet ordinaire de l\u2019Union. Une d\u00e9l\u00e9gation de la cour, conduite par son pr\u00e9sident, Daniel Amagoin Tessougu\u00e9, a \u00e9t\u00e9 re\u00e7ue, \u00e0 cet effet, le jeudi 1er avril 2021 \u00e0 Kosyam, par le chef de l\u2019Etat burkinab\u00e8. A sa sortie d\u2019audience, M. Tessougu\u00e9 a indiqu\u00e9 qu\u2019\u00e0 l\u2019issue des f\u00e9licitations, son \u00e9quipe a \u00e9chang\u00e9 avec M. Kabor\u00e9 sur les pr\u00e9occupations de l\u2019espace communautaire. \u00ab\u00a0Depuis mon \u00e9lection \u00e0 la t\u00eate de la cour de justice, nous n\u2019avons pas eu l\u2019occasion de partager certaines pr\u00e9occupations avec le Pr\u00e9sident du Faso \u00bb, a-t-il regrett\u00e9, puis de relever qu\u2019il n\u2019est pas encore tard. D\u2019o\u00f9 leur pr\u00e9sence \u00e0 cette rencontre. Le pr\u00e9sident de la Cour de la justice de l\u2019UEMOA a, en outre, soulign\u00e9 que le juge, dans son ind\u00e9pendance, ne re\u00e7oit pas d\u2019ordre. Cependant, a-t-il expliqu\u00e9, il y a des probl\u00e8mes particuliers qui peuvent se poser \u00e0 l\u2019institution qui n\u00e9cessitent l\u2019intervention des gouvernements de l\u2019espace communautaire. Il a cit\u00e9 en exemple la diffusion du droit communautaire qui int\u00e9resse, a son avis, chaque citoyen de l\u2019UEMOA. Aux dires du pr\u00e9sident de la Cour de<br \/>justice, des dispositions doivent \u00eatre prises afin que ce droit soit diffus\u00e9<br \/>le plus largement possible.<\/p>\n<p>\u00ab\u00a0Cela entra\u00eene des co\u00fbts alors que nous<br \/>traversons une crise avec la pand\u00e9mie du coronavirus. Celle-ci joue n\u00e9gativement sur nos \u00e9conomies. Nous avons discut\u00e9 avec M. Kabor\u00e9 sur ce qu\u2019il faut pour que nous puissions diffuser le plus largement possible \u00e0 travers des outils didactiques\u00a0\u00bb, a-t-il signifi\u00e9. La d\u00e9l\u00e9gation s\u2019est dit confiante de la suite de leur requ\u00eate.<br \/>\u00ab Nous avons eu le soutien du pr\u00e9sident du Faso. Nous le consid\u00e9rons comme l\u2019avocat de la cour aupr\u00e8s de l\u2019UEMOA et en tant que pr\u00e9sident de la commission de l\u2019UEMOA, nous sommes encore rassur\u00e9s\u00a0\u00bb, a d\u00e9clar\u00e9 M. Tessougu\u00e9.<\/p>\n<p class=\"c1\"><strong>Abdoulaye BALBONE<\/strong><\/p>\n<div class=\"td-a-rec td-a-rec-id-content_bottom tdi_33_9fe td_block_template_1\">\n<p><img loading=\"lazy\" decoding=\"async\" class=\"aligncenter size-full wp-image-27454\" src=\"https:\/\/www.sidwaya.info\/wp-content\/uploads\/2020\/10\/PUB-Bandeau-paiement-mobile-siteweb.jpg\" alt=\"\" width=\"728\" height=\"90\"\/><\/div>\n<p>Auteur: BM. Sidwaya<br \/>\n<a href=\"https:\/\/www.sidwaya.info\/blog\/2021\/04\/01\/uemoa-la-cour-de-justice-plaide-pour-la-vulgarisation-du-droit-communautaire\/\">Cliquez ici pour lire l&rsquo;article depuis sa source.<\/a><\/p>\n","protected":false},"excerpt":{"rendered":"<p>Le chef de l\u2019Etat, Roch Marc Christian Kabor\u00e9, en sa qualit\u00e9 de pr\u00e9sident de la Conf\u00e9rence des chefs d\u2019Etat et de gouvernement de l\u2019UEMOA, a re\u00e7u une d\u00e9l\u00e9gation de la Cour de justice de l\u2019UEMOA, le jeudi 1er avril 2021 \u00e0 Kosyam. La Cour de justice de l\u2019Union \u00e9conomique et mon\u00e9taire Ouest africaine (UEMOA) f\u00e9licite [&hellip;]<\/p>\n","protected":false},"author":1816,"featured_media":0,"comment_status":"closed","ping_status":"closed","sticky":false,"template":"","format":"standard","meta":{"fifu_image_url":"https:\/\/www.sidwaya.info\/wp-content\/uploads\/2021\/04\/1-3.jpg","fifu_image_alt":"UEMOA : la cour de justice plaide pour la vulgarisation du droit communautaire","footnotes":""},"categories":[73,81],"tags":[],"class_list":["post-114162","post","type-post","status-publish","format-standard","hentry","category-actualite","category-burkina-faso"],"_links":{"self":[{"href":"https:\/\/linitiative.ca\/International\/wp-json\/wp\/v2\/posts\/114162","targetHints":{"allow":["GET"]}}],"collection":[{"href":"https:\/\/linitiative.ca\/International\/wp-json\/wp\/v2\/posts"}],"about":[{"href":"https:\/\/linitiative.ca\/International\/wp-json\/wp\/v2\/types\/post"}],"author":[{"embeddable":true,"href":"https:\/\/linitiative.ca\/International\/wp-json\/wp\/v2\/users\/1816"}],"replies":[{"embeddable":true,"href":"https:\/\/linitiative.ca\/International\/wp-json\/wp\/v2\/comments?post=114162"}],"version-history":[{"count":0,"href":"https:\/\/linitiative.ca\/International\/wp-json\/wp\/v2\/posts\/114162\/revisions"}],"wp:attachment":[{"href":"https:\/\/linitiative.ca\/International\/wp-json\/wp\/v2\/media?parent=114162"}],"wp:term":[{"taxonomy":"category","embeddable":true,"href":"https:\/\/linitiative.ca\/International\/wp-json\/wp\/v2\/categories?post=114162"},{"taxonomy":"post_tag","embeddable":true,"href":"https:\/\/linitiative.ca\/International\/wp-json\/wp\/v2\/tags?post=114162"}],"curies":[{"name":"wp","href":"https:\/\/api.w.org\/{rel}","templated":true}]}}