{"id":114163,"date":"2021-04-01T14:00:31","date_gmt":"2021-04-01T18:00:31","guid":{"rendered":"https:\/\/linitiative.ca\/International\/le-gouvernement-annule-le-projet-dexploitation-de-68-000-hectares-de-foret-vierge\/"},"modified":"2021-04-01T14:00:31","modified_gmt":"2021-04-01T18:00:31","slug":"le-gouvernement-annule-le-projet-dexploitation-de-68-000-hectares-de-foret-vierge","status":"publish","type":"post","link":"https:\/\/linitiative.ca\/International\/le-gouvernement-annule-le-projet-dexploitation-de-68-000-hectares-de-foret-vierge\/","title":{"rendered":"le gouvernement annule le projet d\u2019exploitation de 68 000 hectares de for\u00eat vierge"},"content":{"rendered":"<div readability=\"32\">\n<p>Publi\u00e9 le 01.04.2021 \u00e0 19h00 par Andre Edi<\/p>\n<\/div>\n<div readability=\"55.603399433428\">\n<p>Le gouvernement camerounais a annul\u00e9 sa r\u00e9cente d\u00e9cision autorisant l\u2019exploitation d\u2019une for\u00eat vierge, a annonc\u00e9 le 11 ao\u00fbt le Premier ministre. Un revirement souhait\u00e9 par des ONG qui avaient notamment soulign\u00e9 la pr\u00e9sence de primates menac\u00e9s d\u2019extinction dans cette zone. Mi-juillet, le gouvernement camerounais avait d\u00e9cid\u00e9 d\u2019affecter\u00a0<em>\u00ab\u00a0\u00e0 la production du bois d\u2019\u0153uvre\u00a0\u00bb<\/em>\u00a0plus de \u00a068\u00a0000\u00a0hectares\u00a0de la for\u00eat d\u2019Ebo, situ\u00e9e au nord de Douala (sud), la capitale \u00e9conomique.<\/p>\n<p>Les communaut\u00e9s locales et\u00a0<a class=\"ftvi-click--binded\" href=\"https:\/\/www.francetvinfo.fr\/monde\/afrique\/environnement-africain\/cameroun-la-culture-des-heveas-menace-les-pygmees-et-la-foret-selon-greenpeace_3056721.html\" target=\"_blank\" rel=\"noopener\" data-click-value=\"content::link-in-content::article::\/monde\/afrique\/environnement-africain\/cameroun-la-culture-des-heveas-menace-les-pygmees-et-la-foret-selon-greenpeace_3056721.html\">Greenpeace<\/a>\u00a0avaient d\u00e9nonc\u00e9 cette d\u00e9cision, des riverains promettant de tout mettre en \u0153uvre pour obtenir l\u2019annulation de cette mesure. Le premier ministre, Joseph Dion Ngute a indiqu\u00e9 avoir proc\u00e9d\u00e9 le 6 ao\u00fbt au\u00a0<em>\u00ab\u00a0retrait\u00a0\u00bb<\/em>\u00a0du d\u00e9cret par lequel il avait autoris\u00e9 le projet d\u2019exploitation de cette for\u00eat.\u00a0Il explique \u00eatre revenu sur sa d\u00e9cision\u00a0<em>\u00ab\u00a0sur tr\u00e8s hautes instructions du pr\u00e9sident de la R\u00e9publique\u00a0\u00bb,<\/em>\u00a0Paul Biya.<\/p>\n<p>Le gouvernement camerounais avait par le pass\u00e9 d\u00e9cid\u00e9 de faire de cette for\u00eat un parc national.\u00a0<em>\u00ab\u00a0La for\u00eat d\u2019Ebo abrite des primates en danger critique d\u2019extinction dont la condamnation \u00e0 mort a \u00e9t\u00e9 sign\u00e9e par le Premier ministre, Joseph Dion Ngute, avec l\u2019approbation de la pr\u00e9sidence de la R\u00e9publique du Cameroun\u00a0\u00bb,<\/em>\u00a0avait d\u00e9plor\u00e9 Sylvie Djacbou, charg\u00e9e de la for\u00eat chez Greenpeace Afrique.<\/p>\n<\/div>\n<p>Auteur: Andre Edi<br \/>\n<a href=\"https:\/\/www.journalducameroun.com\/le-gouvernement-annule-le-projet-dexploitation-de-68-000-hectares-de-foret-vierge\/\">Cliquez ici pour lire l&rsquo;article depuis sa source.<\/a><\/p>\n","protected":false},"excerpt":{"rendered":"<p>Publi\u00e9 le 01.04.2021 \u00e0 19h00 par Andre Edi Le gouvernement camerounais a annul\u00e9 sa r\u00e9cente d\u00e9cision autorisant l\u2019exploitation d\u2019une for\u00eat vierge, a annonc\u00e9 le 11 ao\u00fbt le Premier ministre. Un revirement souhait\u00e9 par des ONG qui avaient notamment soulign\u00e9 la pr\u00e9sence de primates menac\u00e9s d\u2019extinction dans cette zone. Mi-juillet, le gouvernement camerounais avait d\u00e9cid\u00e9 d\u2019affecter\u00a0\u00ab\u00a0\u00e0 [&hellip;]<\/p>\n","protected":false},"author":1965,"featured_media":0,"comment_status":"closed","ping_status":"closed","sticky":false,"template":"","format":"standard","meta":{"fifu_image_url":"","fifu_image_alt":"","footnotes":""},"categories":[73,82],"tags":[],"class_list":["post-114163","post","type-post","status-publish","format-standard","hentry","category-actualite","category-cameroun"],"_links":{"self":[{"href":"https:\/\/linitiative.ca\/International\/wp-json\/wp\/v2\/posts\/114163","targetHints":{"allow":["GET"]}}],"collection":[{"href":"https:\/\/linitiative.ca\/International\/wp-json\/wp\/v2\/posts"}],"about":[{"href":"https:\/\/linitiative.ca\/International\/wp-json\/wp\/v2\/types\/post"}],"author":[{"embeddable":true,"href":"https:\/\/linitiative.ca\/International\/wp-json\/wp\/v2\/users\/1965"}],"replies":[{"embeddable":true,"href":"https:\/\/linitiative.ca\/International\/wp-json\/wp\/v2\/comments?post=114163"}],"version-history":[{"count":0,"href":"https:\/\/linitiative.ca\/International\/wp-json\/wp\/v2\/posts\/114163\/revisions"}],"wp:attachment":[{"href":"https:\/\/linitiative.ca\/International\/wp-json\/wp\/v2\/media?parent=114163"}],"wp:term":[{"taxonomy":"category","embeddable":true,"href":"https:\/\/linitiative.ca\/International\/wp-json\/wp\/v2\/categories?post=114163"},{"taxonomy":"post_tag","embeddable":true,"href":"https:\/\/linitiative.ca\/International\/wp-json\/wp\/v2\/tags?post=114163"}],"curies":[{"name":"wp","href":"https:\/\/api.w.org\/{rel}","templated":true}]}}