{"id":114164,"date":"2021-04-01T14:18:01","date_gmt":"2021-04-01T18:18:01","guid":{"rendered":"https:\/\/linitiative.ca\/International\/global-africa-la-nouvelle-revue-scientifique-africaine\/"},"modified":"2021-04-01T14:18:01","modified_gmt":"2021-04-01T18:18:01","slug":"global-africa-la-nouvelle-revue-scientifique-africaine","status":"publish","type":"post","link":"https:\/\/linitiative.ca\/International\/global-africa-la-nouvelle-revue-scientifique-africaine\/","title":{"rendered":"\u00ab Global Africa \u00bb, la nouvelle revue scientifique africaine"},"content":{"rendered":"<div readability=\"32\">\n<p>Publi\u00e9 le 01.04.2021 \u00e0 19h18 par APA News<\/p>\n<\/div>\n<div readability=\"78\">\n<p>Lancement au S\u00e9n\u00e9gal d\u2019une ambitieuse revue de recherche scientifique sur l\u2019Afrique.L\u2019Universit\u00e9 Gaston Berger de Saint-Louis au S\u00e9n\u00e9gal (UGB) a annonc\u00e9, ce jeudi 1er avril 2021, le lancement de \u00ab Global Africa \u00bb, une revue scientifique internationale et pluridisciplinaire, associ\u00e9e \u00e0 des actions de renforcement de la recherche africaine, soutenue par l\u2019Agence fran\u00e7aise de d\u00e9veloppement (AFD) \u00e0 hauteur de 1,5 million d\u2019euros. Ce programme mobilisera plus d\u2019une dizaine d\u2019institutions partenaires africaines ou fran\u00e7aises.<\/p>\n<p>La revue, rattach\u00e9e au Laboratoire d\u2019analyse des soci\u00e9t\u00e9s et pouvoirs \/ Afrique-Diasporas (LASPAD) de l\u2019UGB, vise \u00e0 rendre compte des enjeux politiques, sociaux, \u00e9conomiques, \u00e9cologiques, technologiques de l\u2019Afrique et du monde.<\/p>\n<p>Edit\u00e9e en quatre langues (fran\u00e7ais, anglais, arabe et swahili), cette publication dont les premiers appels \u00e0 contribution vont \u00eatre diffus\u00e9s prochainement, est dot\u00e9e des standards internationaux d\u2019\u00e9valuation des articles. Au-del\u00e0 des sciences sociales, elle est ouverte \u00e0 la science de la durabilit\u00e9 et aux approches pluridisciplinaires.<\/p>\n<p>\u00ab Global Africa \u00bb a \u00e9t\u00e9 imagin\u00e9e par un consortium, qui comprend, aux c\u00f4t\u00e9s du LASPAD de l\u2019UGB, l\u2019IRD (Institut de recherche pour le d\u00e9veloppement, France), le Center for Global Studies de l\u2019UIR (Universit\u00e9 internationale de Rabat, Maroc) et le LASDEL (Laboratoire d\u2019\u00e9tudes et de recherche sur les dynamiques sociales et le d\u00e9veloppement local, Niger). L\u2019AFD apporte pendant quatre ans un soutien au lancement du programme \u00e0 travers un financement d\u20191,5 million d\u2019euros pour un budget global de 2,65 millions d\u2019euros.<\/p>\n<p>Un programme de formations et d\u2019\u00e9v\u00e9nements est pr\u00e9vu pour compl\u00e9ter l\u2019offre \u00e9ditoriale de la nouvelle revue scientifique africaine.<\/p>\n<\/div>\n<p>Auteur: APA News<br \/>\n<a href=\"https:\/\/www.journalducameroun.com\/global-africa-la-nouvelle-revue-scientifique-africaine\/\">Cliquez ici pour lire l&rsquo;article depuis sa source.<\/a><\/p>\n","protected":false},"excerpt":{"rendered":"<p>Publi\u00e9 le 01.04.2021 \u00e0 19h18 par APA News Lancement au S\u00e9n\u00e9gal d\u2019une ambitieuse revue de recherche scientifique sur l\u2019Afrique.L\u2019Universit\u00e9 Gaston Berger de Saint-Louis au S\u00e9n\u00e9gal (UGB) a annonc\u00e9, ce jeudi 1er avril 2021, le lancement de \u00ab Global Africa \u00bb, une revue scientifique internationale et pluridisciplinaire, associ\u00e9e \u00e0 des actions de renforcement de la recherche [&hellip;]<\/p>\n","protected":false},"author":1965,"featured_media":0,"comment_status":"closed","ping_status":"closed","sticky":false,"template":"","format":"standard","meta":{"fifu_image_url":"","fifu_image_alt":"","footnotes":""},"categories":[73,82],"tags":[],"class_list":["post-114164","post","type-post","status-publish","format-standard","hentry","category-actualite","category-cameroun"],"_links":{"self":[{"href":"https:\/\/linitiative.ca\/International\/wp-json\/wp\/v2\/posts\/114164","targetHints":{"allow":["GET"]}}],"collection":[{"href":"https:\/\/linitiative.ca\/International\/wp-json\/wp\/v2\/posts"}],"about":[{"href":"https:\/\/linitiative.ca\/International\/wp-json\/wp\/v2\/types\/post"}],"author":[{"embeddable":true,"href":"https:\/\/linitiative.ca\/International\/wp-json\/wp\/v2\/users\/1965"}],"replies":[{"embeddable":true,"href":"https:\/\/linitiative.ca\/International\/wp-json\/wp\/v2\/comments?post=114164"}],"version-history":[{"count":0,"href":"https:\/\/linitiative.ca\/International\/wp-json\/wp\/v2\/posts\/114164\/revisions"}],"wp:attachment":[{"href":"https:\/\/linitiative.ca\/International\/wp-json\/wp\/v2\/media?parent=114164"}],"wp:term":[{"taxonomy":"category","embeddable":true,"href":"https:\/\/linitiative.ca\/International\/wp-json\/wp\/v2\/categories?post=114164"},{"taxonomy":"post_tag","embeddable":true,"href":"https:\/\/linitiative.ca\/International\/wp-json\/wp\/v2\/tags?post=114164"}],"curies":[{"name":"wp","href":"https:\/\/api.w.org\/{rel}","templated":true}]}}