{"id":114165,"date":"2021-04-01T15:18:02","date_gmt":"2021-04-01T19:18:02","guid":{"rendered":"https:\/\/linitiative.ca\/International\/poursuite-a-abidjan-du-proces-de-lex-chef-milicien-amade-oueremi\/"},"modified":"2021-04-01T15:18:02","modified_gmt":"2021-04-01T19:18:02","slug":"poursuite-a-abidjan-du-proces-de-lex-chef-milicien-amade-oueremi","status":"publish","type":"post","link":"https:\/\/linitiative.ca\/International\/poursuite-a-abidjan-du-proces-de-lex-chef-milicien-amade-oueremi\/","title":{"rendered":"Poursuite \u00e0 Abidjan du proc\u00e8s de l\u2019ex-chef milicien Amad\u00e9 Ou\u00e9r\u00e9mi"},"content":{"rendered":"<div readability=\"32\">\n<p>Publi\u00e9 le 01.04.2021 \u00e0 20h18 par APA News<\/p>\n<\/div>\n<div readability=\"110\">\n<p>Le proc\u00e8s de l\u2019ex-chef milicien, Amad\u00e9 Ou\u00e9r\u00e9mi s\u2019est poursuivi, jeudi, devant le Tribunal de premi\u00e8re instance d\u2019Abidjan o\u00f9 il a dit \u00eatre lui-m\u00eame victime de la crise post\u00e9lectorale ivoirienne.<\/p>\n<p>Poursuivi pour crimes de guerre commis en mars 2011 \u00e0 Du\u00e9kou\u00e9, dans l\u2019extr\u00eame ouest ivoirien, \u00a0pendant la crise post-\u00e9lectorale ivoirienne de 2010-2011, Amad\u00e9 Ou\u00e9r\u00e9mi s\u2019est prononc\u00e9 sur le t\u00e9moignage des victimes qui se sont succ\u00e9d\u00e9es \u00e0 la barre.<\/p>\n<p>\u00ab Eux, ils t\u00e9moignent en tant que victimes. Mais moi-aussi je suis une victime \u00bb, a dit M. Ou\u00e9r\u00e9mi au juge apr\u00e8s un entretien avec son avocat. \u00a0A l\u2019entame de l\u2019audience de ce jour, l\u2019accus\u00e9 a demand\u00e9 au juge de lui permettre de s\u2019entretenir avec son conseil. Au terme de cette entrevue avec son client, Me Roseline Aka a fait savoir au Tribunal que l\u2019accus\u00e9 dit ne pas respirer la grande forme \u00a0\u00abaujourd\u2019hui \u00bb .<\/p>\n<p>\u00a0\u00ab Il (Amad\u00e9) dit que depuis l\u2019ouverture du proc\u00e8s, il a toujours dit au Tribunal qu\u2019il agissait sous les ordres de certaines personnes au moment des faits. Mais, il dit ne pas comprendre pourquoi il est le seul qui est accabl\u00e9 par les t\u00e9moins. Il souhaiterait que vous lui permettiez de citer des noms\u00bb, a dit Me Aka.<\/p>\n<p>A ce propos, M. Ou\u00e9r\u00e9mi a soutenu qu\u2019au moment des faits, \u00a0\u00abj\u2019\u00e9tais avec les FRCI (Forces R\u00e9publicaines de C\u00f4te d\u2019Ivoire). J\u2019\u00e9tais un \u00e9l\u00e9ment des FRCI et notre commandant \u00e9tait Coulibaly de Kouibly \u00bb. \u00a0<\/p>\n<p>\u00ab Rassurez-vous, nous veillons \u00e0 ce que ce proc\u00e8s soit \u00e9quitable. Laissez les t\u00e9moins dire ce qu\u2019ils pensent. Apr\u00e8s vous allez vous d\u00e9fendre \u00a0\u00bb, a r\u00e9pondu le juge Charles Biny \u00e0 l\u2019accus\u00e9. Apr\u00e8s ce bref \u00e9change entre l\u2019accus\u00e9 et le juge, plusieurs t\u00e9moins \u00e0 charge de ce proc\u00e8s \u00a0ont successivement incrimin\u00e9 \u00e0 la barre M. Ou\u00e9r\u00e9mi.<\/p>\n<p>\u00a0 \u00ab Le 28 mars 2011, les soldats d\u2019Amad\u00e9 sont arriv\u00e9s chez nous. Il \u00e9tait avec eux et \u00a0\u00e9tait habill\u00e9 en treillis avec une arme. Ils ont incendi\u00e9 la maison avec mon mari. Ils ont ensuite fusill\u00e9 trois autres membres de la famille \u00bb, a dit \u00e0 la barre, Yvette Diaho, une victime collat\u00e9rale du massacre de Du\u00e9kou\u00e9.<\/p>\n<p>Avant elle, Klaho Odette, un autre t\u00e9moin qui a perdu sa main gauche apr\u00e8s avoir re\u00e7u une balle des assaillants, \u00a0a accus\u00e9 Amad\u00e9 Ou\u00e9r\u00e9mi et ses hommes d\u2019\u00eatre les responsables de ces atrocit\u00e9s de Du\u00e9kou\u00e9 en mars 2011 qui ont fait 817 morts en une journ\u00e9e.<\/p>\n<p>\u00a0\u00ab Amad\u00e9 \u00e9tait parmi les hommes qui nous ont attaqu\u00e9 le 28 mars 2011. Ils avaient des Kalachnikovs et des armes lourdes\u2026 Il y avait beaucoup de corps dans les rues \u00bb, a r\u00e9v\u00e9l\u00e9 Mme Klaho.<\/p>\n<p>\u00ab Ce qu\u2019elle dit est faux. Elle ne me conna\u00eet pas\u2026 Il y avait parmi eux dans la population, des lib\u00e9riens et des miliciens. Ce qu\u2019elle dit est faux \u00bb, a r\u00e9torqu\u00e9 M. Ou\u00e9r\u00e9mi.<\/p>\n<p>Une vingtaine de charges ont \u00e9t\u00e9 retenues contre Amad\u00e9 Ou\u00e9r\u00e9mi dans ce proc\u00e8s o\u00f9 82 t\u00e9moins ont \u00e9t\u00e9 annonc\u00e9s.<\/p>\n<p>\u00a0Ex-chef de milice et ancien \u00a0\u00ab seigneur \u00a0\u00bb du Mont P\u00e9ko (ouest ivoirien), Amad\u00e9 Ou\u00e9r\u00e9mi \u00a0qui \u00e9tait consid\u00e9r\u00e9 comme un suppl\u00e9tif des Forces R\u00e9publicaines de C\u00f4te d\u2019Ivoire (FRCI), a occup\u00e9 pendant plusieurs ann\u00e9es la for\u00eat class\u00e9e du Mont P\u00e9ko dans l\u2019ouest ivoirien. Il a \u00e9t\u00e9 arr\u00eat\u00e9 depuis mai 2013 par l\u2019arm\u00e9e ivoirienne.<\/p>\n<\/div>\n<p>Auteur: APA News<br \/>\n<a href=\"https:\/\/www.journalducameroun.com\/poursuite-a-abidjan-du-proces-de-lex-chef-milicien-amade-oueremi\/\">Cliquez ici pour lire l&rsquo;article depuis sa source.<\/a><\/p>\n","protected":false},"excerpt":{"rendered":"<p>Publi\u00e9 le 01.04.2021 \u00e0 20h18 par APA News Le proc\u00e8s de l\u2019ex-chef milicien, Amad\u00e9 Ou\u00e9r\u00e9mi s\u2019est poursuivi, jeudi, devant le Tribunal de premi\u00e8re instance d\u2019Abidjan o\u00f9 il a dit \u00eatre lui-m\u00eame victime de la crise post\u00e9lectorale ivoirienne. Poursuivi pour crimes de guerre commis en mars 2011 \u00e0 Du\u00e9kou\u00e9, dans l\u2019extr\u00eame ouest ivoirien, \u00a0pendant la crise [&hellip;]<\/p>\n","protected":false},"author":1965,"featured_media":0,"comment_status":"closed","ping_status":"closed","sticky":false,"template":"","format":"standard","meta":{"fifu_image_url":"","fifu_image_alt":"","footnotes":""},"categories":[73,82],"tags":[],"class_list":["post-114165","post","type-post","status-publish","format-standard","hentry","category-actualite","category-cameroun"],"_links":{"self":[{"href":"https:\/\/linitiative.ca\/International\/wp-json\/wp\/v2\/posts\/114165","targetHints":{"allow":["GET"]}}],"collection":[{"href":"https:\/\/linitiative.ca\/International\/wp-json\/wp\/v2\/posts"}],"about":[{"href":"https:\/\/linitiative.ca\/International\/wp-json\/wp\/v2\/types\/post"}],"author":[{"embeddable":true,"href":"https:\/\/linitiative.ca\/International\/wp-json\/wp\/v2\/users\/1965"}],"replies":[{"embeddable":true,"href":"https:\/\/linitiative.ca\/International\/wp-json\/wp\/v2\/comments?post=114165"}],"version-history":[{"count":0,"href":"https:\/\/linitiative.ca\/International\/wp-json\/wp\/v2\/posts\/114165\/revisions"}],"wp:attachment":[{"href":"https:\/\/linitiative.ca\/International\/wp-json\/wp\/v2\/media?parent=114165"}],"wp:term":[{"taxonomy":"category","embeddable":true,"href":"https:\/\/linitiative.ca\/International\/wp-json\/wp\/v2\/categories?post=114165"},{"taxonomy":"post_tag","embeddable":true,"href":"https:\/\/linitiative.ca\/International\/wp-json\/wp\/v2\/tags?post=114165"}],"curies":[{"name":"wp","href":"https:\/\/api.w.org\/{rel}","templated":true}]}}