{"id":114166,"date":"2021-04-01T16:18:02","date_gmt":"2021-04-01T20:18:02","guid":{"rendered":"https:\/\/linitiative.ca\/International\/paques-dominique-ouattara-apporte-son-aide-aux-familles-demunies-chretiennes\/"},"modified":"2021-04-01T16:18:02","modified_gmt":"2021-04-01T20:18:02","slug":"paques-dominique-ouattara-apporte-son-aide-aux-familles-demunies-chretiennes","status":"publish","type":"post","link":"https:\/\/linitiative.ca\/International\/paques-dominique-ouattara-apporte-son-aide-aux-familles-demunies-chretiennes\/","title":{"rendered":"P\u00e2ques : Dominique Ouattara apporte son aide aux familles d\u00e9munies chr\u00e9tiennes"},"content":{"rendered":"<div readability=\"32\">\n<p>Publi\u00e9 le 01.04.2021 \u00e0 21h18 par APA News<\/p>\n<\/div>\n<div readability=\"116\">\n<p>La pr\u00e9sidente de la Fondation Children Of Africa Dominique Ouattara a offert, jeudi, des dons en vivres d\u2019une valeur de 150 millions FCFA \u00e0 la communaut\u00e9 chr\u00e9tienne \u00e0 l\u2019occasion de la c\u00e9l\u00e9bration de la f\u00eate de la P\u00e2ques 2021.<\/p>\n<p>Ces dons effectu\u00e9s pendant la semaine sainte \u00a0constituent une r\u00e9elle bouff\u00e9e d\u2019oxyg\u00e8ne pour les familles chr\u00e9tiennes d\u00e9munies, mais \u00e9galement la manifestation de la Solidarit\u00e9 de Dominique Ouattara \u00e0 toutes les congr\u00e9gations chr\u00e9tiennes qui abordent l\u2019une des plus grandes c\u00e9l\u00e9brations du christianisme.\u00a0<\/p>\n<p>En effet, ces dons d\u2019une valeur de 130 millions F CFA ont \u00e9t\u00e9 r\u00e9ceptionn\u00e9s par les Paroisses Catholiques, les Eglises Protestantes, les Eglises Evang\u00e9liques, les Eglises r\u00e9v\u00e9l\u00e9es d\u2019Afrique, et les congr\u00e9gations et associations religieuses.<\/p>\n<p>\u00a0Toujours dans cette dynamique, Mme Dominique Ouattara a \u00e9galement offert, par l\u2019entremise de la ministre Anne D\u00e9sir\u00e9e Ouloto, des dons en vivre d\u2019une valeur de vingt \u00a0millions F CFA \u00e0 quatorze congr\u00e9gations de s\u0153urs catholiques.<\/p>\n<p>Profitant de cette \u00a0occasion, la pr\u00e9sidente de la Fondation Children Of Africa a appel\u00e9 l\u2019ensemble des confessions religieuses du pays \u00e0 se joindre dans la pri\u00e8re pour le pays qui vit des moments difficiles avec la pand\u00e9mie de la Covid-19.<\/p>\n<p>\u00ab(\u2026) Voudrais-je inviter avec insistance, toutes les communaut\u00e9s chr\u00e9tienne et musulmane, \u00e0 multiplier les cultes, les demandes de messes et les pri\u00e8res ardentes pour notre nation, pour que des jours plus heureux succ\u00e8dent \u00e0 ces moments de tristesse. J\u2019ai foi que notre union de pri\u00e8res permettra de sortir de cette zone de turbulence, ram\u00e8nera la paix v\u00e9ritable et apportera un souffle nouveau \u00e0 notre nation \u00bb, a-t-elle recommand\u00e9.<\/p>\n<p>Auparavant, Mme Ouattara a expliqu\u00e9 le sens des dons faits \u00e0 l\u2019or\u00e9e des festivit\u00e9s pascales. En effet, \u00a0pour l\u2019\u00e9pouse du chef de l\u2019Etat, en tant que fervente catholique, ces dons effectu\u00e9s \u00e0 l\u2019occasion de la semaine sainte rev\u00eatent un caract\u00e8re sp\u00e9cial.<\/p>\n<p>\u00ab(\u2026) Pour nous chr\u00e9tiens catholiques, cette p\u00e9riode est tr\u00e8s importante car, elle repr\u00e9sente la semaine sainte. C\u2019est un moment de pri\u00e8re, de je\u00fbne, de p\u00e9nitence et de partage. A cet effet, nous accentuons les actes de charit\u00e9, de solidarit\u00e9 et de partage afin de rester en parfaite symbiose avec la Parole de Dieu \u00bb, a expliqu\u00e9 Mme Dominique Ouattara.<\/p>\n<p>Aussi, fort de ce qui pr\u00e9c\u00e8de, elle a tenu \u00e0 apporter son soutien aux familles chr\u00e9tiennes d\u00e9munies.\u00a0<\/p>\n<p>\u00abIl me tenait donc \u00e0 c\u0153ur, d\u2019apporter mon soutien et celui de la Fondation Children Of Africa aux familles chr\u00e9tiennes, et en particulier \u00e0 nos fr\u00e8res et s\u0153urs d\u00e9favoris\u00e9s, afin de leur permettre de passer la f\u00eate de P\u00e2ques dans la joie et l\u2019all\u00e9gresse. Il s\u2019agit l\u00e0 d\u2019un acte de solidarit\u00e9, ce qui imprime \u00a0tout son sens \u00e0 cette c\u00e9r\u00e9monie qui se veut un moment de partage et de fraternit\u00e9 \u00bb, a expliqu\u00e9 Mme Ouattara.<\/p>\n<p>Le R\u00e9v\u00e9rend p\u00e8re \u00c9ric Norbert Abekan, repr\u00e9sentant du Pr\u00e9sident de la Conf\u00e9rence Episcopale de C\u00f4te d\u2019Ivoire et porte-parole des b\u00e9n\u00e9ficiaires, s\u2019est r\u00e9joui de cette \u00a0initiative qui permettra aux plus d\u00e9munies de passer la f\u00eate de P\u00e2ques \u00a0dans l\u2019all\u00e9gresse et la joie. Il a remerci\u00e9 Mme Dominique Ouattara pour cet \u00e9lan de c\u0153ur.<\/p>\n<\/div>\n<p>Auteur: APA News<br \/>\n<a href=\"https:\/\/www.journalducameroun.com\/paques-dominique-ouattara-apporte-son-aide-aux-familles-demunies-chretiennes\/\">Cliquez ici pour lire l&rsquo;article depuis sa source.<\/a><\/p>\n","protected":false},"excerpt":{"rendered":"<p>Publi\u00e9 le 01.04.2021 \u00e0 21h18 par APA News La pr\u00e9sidente de la Fondation Children Of Africa Dominique Ouattara a offert, jeudi, des dons en vivres d\u2019une valeur de 150 millions FCFA \u00e0 la communaut\u00e9 chr\u00e9tienne \u00e0 l\u2019occasion de la c\u00e9l\u00e9bration de la f\u00eate de la P\u00e2ques 2021. Ces dons effectu\u00e9s pendant la semaine sainte \u00a0constituent [&hellip;]<\/p>\n","protected":false},"author":1965,"featured_media":0,"comment_status":"closed","ping_status":"closed","sticky":false,"template":"","format":"standard","meta":{"fifu_image_url":"","fifu_image_alt":"","footnotes":""},"categories":[73,82],"tags":[],"class_list":["post-114166","post","type-post","status-publish","format-standard","hentry","category-actualite","category-cameroun"],"_links":{"self":[{"href":"https:\/\/linitiative.ca\/International\/wp-json\/wp\/v2\/posts\/114166","targetHints":{"allow":["GET"]}}],"collection":[{"href":"https:\/\/linitiative.ca\/International\/wp-json\/wp\/v2\/posts"}],"about":[{"href":"https:\/\/linitiative.ca\/International\/wp-json\/wp\/v2\/types\/post"}],"author":[{"embeddable":true,"href":"https:\/\/linitiative.ca\/International\/wp-json\/wp\/v2\/users\/1965"}],"replies":[{"embeddable":true,"href":"https:\/\/linitiative.ca\/International\/wp-json\/wp\/v2\/comments?post=114166"}],"version-history":[{"count":0,"href":"https:\/\/linitiative.ca\/International\/wp-json\/wp\/v2\/posts\/114166\/revisions"}],"wp:attachment":[{"href":"https:\/\/linitiative.ca\/International\/wp-json\/wp\/v2\/media?parent=114166"}],"wp:term":[{"taxonomy":"category","embeddable":true,"href":"https:\/\/linitiative.ca\/International\/wp-json\/wp\/v2\/categories?post=114166"},{"taxonomy":"post_tag","embeddable":true,"href":"https:\/\/linitiative.ca\/International\/wp-json\/wp\/v2\/tags?post=114166"}],"curies":[{"name":"wp","href":"https:\/\/api.w.org\/{rel}","templated":true}]}}