{"id":114170,"date":"2021-04-01T10:02:01","date_gmt":"2021-04-01T14:02:01","guid":{"rendered":"https:\/\/linitiative.ca\/International\/surpopulation-carcerale-que-deviennent-les-peines-alternatives-de-liberte\/"},"modified":"2021-04-01T10:02:01","modified_gmt":"2021-04-01T14:02:01","slug":"surpopulation-carcerale-que-deviennent-les-peines-alternatives-de-liberte","status":"publish","type":"post","link":"https:\/\/linitiative.ca\/International\/surpopulation-carcerale-que-deviennent-les-peines-alternatives-de-liberte\/","title":{"rendered":"Surpopulation carc\u00e9rale : que deviennent les peines alternatives de libert\u00e9 ?"},"content":{"rendered":"<p>La discussion g\u00e9n\u00e9rale autour des projets de loi relatifs \u00e0 l\u2019extradition et au transf\u00e8rement des personnes d\u00e9tenues entre le Cameroun et le Br\u00e9sil a \u00e9t\u00e9 d\u00e9vi\u00e9e de son objet initial. En cause, la question du d\u00e9put\u00e9 de l\u2019Union d\u00e9mocratique du Cameroun (Udc) Koupit Adamou portant sur le sort r\u00e9serv\u00e9 aux peines alternatives de libert\u00e9. Contenues dans le Code p\u00e9nal adopt\u00e9 en 2016, ces dispositions ne sont pas encore au sein d\u2019un texte d\u2019application. Interpell\u00e9 \u00e0 ce sujet, le ministre d\u2019Etat, ministre de la Justice, Garde des Sceaux, Laurent Esso assure que leur \u00e9laboration est difficile. \u00ab\u00a0<em>La d\u00e9finition des peines alternatives fait partie d\u2019une loi sp\u00e9ciale. D\u2019un texte particulier. Actuellement, nous sommes en train de travailler sur ce texte particulier, en essayant de comprendre que la sp\u00e9cificit\u00e9 d\u2019une peine alternative, pour quelqu\u2019un poursuivi\u00a0 \u00e0 Yaound\u00e9 n\u2019est pas la m\u00eame chose que pour une personne poursuivie \u00e0 Batouri,\u00a0 ou \u00e0 Garoua ou ailleurs\u00a0\u00bb.<\/em><\/p>\n<p><strong>Gardiens de prison<\/strong><\/p>\n<p>Le second param\u00e8tre soulev\u00e9 par le Minjustice est celui de la formation des personnels appel\u00e9s \u00e0 encadrer les personnes condamn\u00e9es \u00e0 des peines alternatives de libert\u00e9.\u00a0 Pour Laurent Esso, une formation est n\u00e9cessaire pour ce type de fonction. \u00ab\u00a0\u00a0<em>\u00a0Il y a un probl\u00e8me de formation. Nous avons d\u00e9j\u00e0 beaucoup de mal \u00e0 encadrer les prisonniers en corv\u00e9e libre ou en corv\u00e9e tout simplement. Il faudra former une autre qualit\u00e9 de gardiens de prison charg\u00e9 de suivre chaque d\u00e9tenu pour ex\u00e9cuter une peine alternative. Parce que l\u00e0 ce n\u2019est plus des comportements de groupe. C\u2019est un individu \u00e0 un endroit donn\u00e9\u2026\u00a0\u00bb\u00a0<\/em><\/p>\n<p><strong>Promesses non tenues<\/strong><\/p>\n<p>Face \u00e0 cette interpellation sur l\u2019entr\u00e9e en application de ces peines, qui aura une incidence sur la surpopulation carc\u00e9rale, le ministre de la Justice s\u2019est laiss\u00e9 aller \u00e0 des promesses. Le d\u00e9p\u00f4t du projet de loi relatif aux peines alternatives de libert\u00e9 dans les prochains jours au Parlement. \u00ab\u00a0<em>Donc il y a un probl\u00e8me et ce probl\u00e8me est s\u00e9rieux et nous sommes en train de pr\u00e9parer\u00a0 ce document. Nous avons d\u00e9j\u00e0 saisi l\u2019ensemble des Procureurs g\u00e9n\u00e9raux et dans les prochains jours, peut-\u00eatre, nous vous pr\u00e9senterons un projet de loi sur la d\u00e9finition de ces peines alternatives\u00a0\u00bb.<\/em><\/p>\n<p>Cet engagement du Minjustice rappelle cependant celui de son collaborateur Jean De Dieu Momo. Ce dernier, au cours de la session parlementaire de juin 2019 s\u2019\u00e9tait \u00e9galement engag\u00e9 \u00e0 faire parvenir le m\u00eame projet de loi aux d\u00e9put\u00e9s \u00ab\u00a0prochainement\u00a0\u00bb. \u00ab\u00a0\u00a0<em>Le\u00a0 ministre d\u2019Etat, ministre de la Justice, Garde des Sceaux a prescrit aux procureurs g\u00e9n\u00e9raux des 10 r\u00e9gions de notre pays, de lui soumettre des propositions de mesures qui pourraient constituer des travaux d\u2019int\u00e9r\u00eat g\u00e9n\u00e9ral.\u00a0 Le ministre de la Justice a re\u00e7u les r\u00e9ponses attendues. Il travaille actuellement sur l\u2019avant-projet de loi\u00a0 r\u00e9gissant les peines alternatives. Vous ne serez donc\u00a0 pas surpris de voir le gouvernement d\u00e9poser prochainement ce projet de loi sur la table du parlement\u00a0\u00bb\u00a0<\/em>assurait alors le ministre d\u00e9l\u00e9gu\u00e9 aupr\u00e8s du ministre d\u2019Etat, ministre de la Justice, Garde des Sceaux.<\/p>\n<p>Auteur: EcoMatin<br \/>\n<a href=\"https:\/\/ecomatin.net\/surpopulation-carcerale-que-deviennent-les-peines-alternatives-de-liberte\/\">Cliquez ici pour lire l&rsquo;article depuis sa source.<\/a><\/p>\n","protected":false},"excerpt":{"rendered":"<p>La discussion g\u00e9n\u00e9rale autour des projets de loi relatifs \u00e0 l\u2019extradition et au transf\u00e8rement des personnes d\u00e9tenues entre le Cameroun et le Br\u00e9sil a \u00e9t\u00e9 d\u00e9vi\u00e9e de son objet initial. En cause, la question du d\u00e9put\u00e9 de l\u2019Union d\u00e9mocratique du Cameroun (Udc) Koupit Adamou portant sur le sort r\u00e9serv\u00e9 aux peines alternatives de libert\u00e9. Contenues [&hellip;]<\/p>\n","protected":false},"author":1969,"featured_media":0,"comment_status":"closed","ping_status":"closed","sticky":false,"template":"","format":"standard","meta":{"fifu_image_url":"","fifu_image_alt":"","footnotes":""},"categories":[82,78],"tags":[],"class_list":["post-114170","post","type-post","status-publish","format-standard","hentry","category-cameroun","category-economie"],"_links":{"self":[{"href":"https:\/\/linitiative.ca\/International\/wp-json\/wp\/v2\/posts\/114170","targetHints":{"allow":["GET"]}}],"collection":[{"href":"https:\/\/linitiative.ca\/International\/wp-json\/wp\/v2\/posts"}],"about":[{"href":"https:\/\/linitiative.ca\/International\/wp-json\/wp\/v2\/types\/post"}],"author":[{"embeddable":true,"href":"https:\/\/linitiative.ca\/International\/wp-json\/wp\/v2\/users\/1969"}],"replies":[{"embeddable":true,"href":"https:\/\/linitiative.ca\/International\/wp-json\/wp\/v2\/comments?post=114170"}],"version-history":[{"count":0,"href":"https:\/\/linitiative.ca\/International\/wp-json\/wp\/v2\/posts\/114170\/revisions"}],"wp:attachment":[{"href":"https:\/\/linitiative.ca\/International\/wp-json\/wp\/v2\/media?parent=114170"}],"wp:term":[{"taxonomy":"category","embeddable":true,"href":"https:\/\/linitiative.ca\/International\/wp-json\/wp\/v2\/categories?post=114170"},{"taxonomy":"post_tag","embeddable":true,"href":"https:\/\/linitiative.ca\/International\/wp-json\/wp\/v2\/tags?post=114170"}],"curies":[{"name":"wp","href":"https:\/\/api.w.org\/{rel}","templated":true}]}}