{"id":114172,"date":"2021-04-01T16:03:43","date_gmt":"2021-04-01T20:03:43","guid":{"rendered":"https:\/\/linitiative.ca\/International\/crises-securitairesla-prise-en-charge-des-enfants-questionnee-a-lassemblee-nationale\/"},"modified":"2021-04-01T16:03:43","modified_gmt":"2021-04-01T20:03:43","slug":"crises-securitairesla-prise-en-charge-des-enfants-questionnee-a-lassemblee-nationale","status":"publish","type":"post","link":"https:\/\/linitiative.ca\/International\/crises-securitairesla-prise-en-charge-des-enfants-questionnee-a-lassemblee-nationale\/","title":{"rendered":"Crises s\u00e9curitaires:la prise en charge des enfants questionn\u00e9e \u00e0 l\u2019Assembl\u00e9e nationale"},"content":{"rendered":"<p>Les enfants font partie des victimes de la crise anglophone dans le Nord-Ouest et le Sud-Ouest et dans la r\u00e9gion de l\u2019Extr\u00eame-Nord. Un fait qui a pouss\u00e9 la d\u00e9put\u00e9e du Parti Camerounais pour la r\u00e9conciliation nationale (Prcn) Ad\u00e8le Rolande Ngo Issi \u00e0 interroger Pauline Ir\u00e8ne Nguen\u00e9 sur la prise en charge de ces derniers par le gouvernement. Selon cette derni\u00e8re, son d\u00e9partement minist\u00e9riel est sur le terrain aux cot\u00e9s du Cnddr \u00e0 travers certains de ces centres. Dans la r\u00e9gion du Sud-Ouest par exemple, l\u2019un des Instituts du Minas accueille les jeunes Amba-boys d\u00e9sarm\u00e9s. \u00ab\u00a0\u2026Dans le cadre de la collaboration avec le Comit\u00e9 national de d\u00e9sarmement, de d\u00e9mobilisation et de r\u00e9int\u00e9gration (Cnddr), le Borstal institute de Buea, institution sp\u00e9cialis\u00e9 du Minas, accueille depuis d\u00e9cembre 2018, de jeunes ex-combattants\u00a0\u00bb.<\/p>\n<p><strong>D\u00e9plac\u00e9s internes<\/strong><\/p>\n<p>Pauline Ir\u00e8ne Ngu\u00e9n\u00e9 a \u00e9galement ax\u00e9 sa r\u00e9ponse sur le soutien apport\u00e9 aux d\u00e9plac\u00e9s internes du fait de la crise dans le Noso. Une aide qui se mat\u00e9rialise uniquement par des placements scolaires pour certains enfants et un suivi psychologique. \u00a0\u00ab\u00a014\u00a0233 enfants d\u00e9plac\u00e9s internes ont b\u00e9n\u00e9fici\u00e9 d\u2019une prise en charge psychosociale aupr\u00e8s des Unit\u00e9s techniques et op\u00e9rationnelles des r\u00e9gions de l\u2019Ouest, du Littoral, du Centre, du Nord-Ouest, et du Sud-Ouest parmi lesquels 1586 ont b\u00e9n\u00e9fici\u00e9 de placement scolaire\u00a0\u00bb.<\/p>\n<p>L\u2019impact des exactions de Boko Haram sur les enfants dans la r\u00e9gion de l\u2019Extr\u00eame-Nord, a \u00e9t\u00e9 g\u00e9r\u00e9 par le Minas \u00e0 travers des placements dans des familles d\u2019accueil. \u00ab\u00a0Pour ce qui est du renforcement de la prise en charge des enfants victimes de Boko Haram, 3555 ont \u00e9t\u00e9 pris en charge et 331 autres plac\u00e9s dans des familles d\u2019accueil temporaires dans la r\u00e9gion de l\u2019Extr\u00eame-Nord.\u00a0\u00bb Un ensemble d\u2019actions qui s\u2019inscrivent dans le Plan d\u2019Accompagnement psychosocial des personnes d\u00e9plac\u00e9es internes qui a \u00e9t\u00e9 dot\u00e9 d\u2019une enveloppe budg\u00e9taire de 385,5 millions de F Cfa.<\/p>\n<p>Outre la prise en charge des enfants en contexte de crise s\u00e9curitaire, la Minas a \u00e9galement d\u00fb pr\u00e9senter sa copie sur la gestion de la mont\u00e9es des violences au Cameroun, le suivi et l\u2019accompagnement des personnes vuln\u00e9rables pour leur insertion socioprofessionnelle et la promotion et la protection des personnes handicap\u00e9es.<\/p>\n<p>Auteur: EcoMatin<br \/>\n<a href=\"https:\/\/ecomatin.net\/crises-securitairesla-prise-en-charge-des-enfants-questionnee-a-lassemblee-nationale\/\">Cliquez ici pour lire l&rsquo;article depuis sa source.<\/a><\/p>\n","protected":false},"excerpt":{"rendered":"<p>Les enfants font partie des victimes de la crise anglophone dans le Nord-Ouest et le Sud-Ouest et dans la r\u00e9gion de l\u2019Extr\u00eame-Nord. Un fait qui a pouss\u00e9 la d\u00e9put\u00e9e du Parti Camerounais pour la r\u00e9conciliation nationale (Prcn) Ad\u00e8le Rolande Ngo Issi \u00e0 interroger Pauline Ir\u00e8ne Nguen\u00e9 sur la prise en charge de ces derniers par [&hellip;]<\/p>\n","protected":false},"author":1969,"featured_media":0,"comment_status":"closed","ping_status":"closed","sticky":false,"template":"","format":"standard","meta":{"fifu_image_url":"","fifu_image_alt":"","footnotes":""},"categories":[82,78],"tags":[],"class_list":["post-114172","post","type-post","status-publish","format-standard","hentry","category-cameroun","category-economie"],"_links":{"self":[{"href":"https:\/\/linitiative.ca\/International\/wp-json\/wp\/v2\/posts\/114172","targetHints":{"allow":["GET"]}}],"collection":[{"href":"https:\/\/linitiative.ca\/International\/wp-json\/wp\/v2\/posts"}],"about":[{"href":"https:\/\/linitiative.ca\/International\/wp-json\/wp\/v2\/types\/post"}],"author":[{"embeddable":true,"href":"https:\/\/linitiative.ca\/International\/wp-json\/wp\/v2\/users\/1969"}],"replies":[{"embeddable":true,"href":"https:\/\/linitiative.ca\/International\/wp-json\/wp\/v2\/comments?post=114172"}],"version-history":[{"count":0,"href":"https:\/\/linitiative.ca\/International\/wp-json\/wp\/v2\/posts\/114172\/revisions"}],"wp:attachment":[{"href":"https:\/\/linitiative.ca\/International\/wp-json\/wp\/v2\/media?parent=114172"}],"wp:term":[{"taxonomy":"category","embeddable":true,"href":"https:\/\/linitiative.ca\/International\/wp-json\/wp\/v2\/categories?post=114172"},{"taxonomy":"post_tag","embeddable":true,"href":"https:\/\/linitiative.ca\/International\/wp-json\/wp\/v2\/tags?post=114172"}],"curies":[{"name":"wp","href":"https:\/\/api.w.org\/{rel}","templated":true}]}}