{"id":114176,"date":"2021-04-02T10:00:15","date_gmt":"2021-04-02T14:00:15","guid":{"rendered":"https:\/\/linitiative.ca\/International\/680-000-marocains-touches-dont-216-000-enfants-autisme-a-quand-la-prise-en-charge\/"},"modified":"2021-04-02T10:00:15","modified_gmt":"2021-04-02T14:00:15","slug":"680-000-marocains-touches-dont-216-000-enfants-autisme-a-quand-la-prise-en-charge","status":"publish","type":"post","link":"https:\/\/linitiative.ca\/International\/680-000-marocains-touches-dont-216-000-enfants-autisme-a-quand-la-prise-en-charge\/","title":{"rendered":"680.000 Marocains touch\u00e9s dont 216.000 enfants  \/ Autisme : A quand la prise en charge ?"},"content":{"rendered":"<figure class=\"post-thumbnail\" itemprop=\"associatedMedia\" itemscope=\"itemscope\" itemtype=\"http:\/\/schema.org\/ImageObject\"><img decoding=\"async\" class=\"post_layout_5_img\" src=\"http:\/\/aujourdhui.ma\/wp-content\/uploads\/2021\/04\/Autisme-Maroc-1.jpg\" alt=\"680.000 Marocains touch\u00e9s dont 216.000 enfants \/ Autisme : A quand la prise en charge ?\"\/><\/figure>\n<p><span class=\"c5\"><strong>A l\u2019occasion de la journ\u00e9e mondiale de l\u2019autisme, c\u00e9l\u00e9br\u00e9e ce vendredi 2 avril, l\u2019Association Vaincre l\u2019autisme tire la sonnette d\u2019alarme sur la situation des autistes au Maroc.<\/strong><\/span><\/p>\n<p>L\u2019association r\u00e9v\u00e8le que l\u2019autisme touche 680.000 personnes au Maroc dont 216.000 enfants. Ce trouble neurod\u00e9veloppemental touche 12 800 naissances par an au Maroc, ce qui repr\u00e9sente 34 naissances par jour. L\u2019association estime que \u00abl\u2019absence totale des donn\u00e9es \u00e9pid\u00e9miologiques sur l\u2019autisme illustre le flou et l\u2019absence de mesures de pr\u00e9vention dans lesquels est maintenu le trouble du spectre Autistique au Maroc\u00bb.<\/p>\n<p>L\u2019association interpelle une fois de plus le gouvernement pour l\u2019\u00e9laboration d\u2019une politique de sant\u00e9 publique de ce trouble.<br \/>En effet, celle-ci d\u00e9plore l\u2019absence d\u2019un plan gouvernemental que ce soit dans le d\u00e9partement de la sant\u00e9 ou de l\u2019\u00e9ducation pour la prise en charge des enfants autistes. Et par cons\u00e9quent, de nombreux enfants autistes ne sont ni \u00e9duqu\u00e9s ni soign\u00e9s et restent \u00e0 l\u2019enti\u00e8re charge de leurs parents. Pour pallier le manque de moyens et d\u2019information sur le sujet et pour \u00e9veiller les consciences, la mise en place d\u2019un plan national de prise en charge de l\u2019autisme est une n\u00e9cessit\u00e9. Selon Vaincre l\u2019autisme, la mise en place d\u2019 un plan d\u2019accompagnement adapt\u00e9 avec un intervenant par enfant n\u00e9cessite un budget d\u2019environ 5000 DH par mois. Il faut savoir que l\u2019autisme n\u2019est pas une fatalit\u00e9. Gr\u00e2ce \u00e0 une prise en charge pr\u00e9coce et adapt\u00e9e, un enfant autiste peut se d\u00e9velopper et toutes les chances d\u2019int\u00e9grer la soci\u00e9t\u00e9.<\/p>\n<p>Vaincre l\u2019autisme livre aux pouvoirs publics les solutions qui permettent de r\u00e9duire les sympt\u00f4mes gr\u00e2ce \u00e0 des traitements th\u00e9rapeutiques et \u00e9ducatifs. Parmi ces solutions figure \u00abla FuturoSchool\u00bb. Ce concept a pour objectif non pas de remplacer l\u2019\u00e9cole mais de donner aux enfants autistes les bases pour b\u00e9n\u00e9ficier d\u2019une scolarisation en milieu ordinaire. Ainsi, \u00abla FuturoSchool est une unit\u00e9 d\u2019\u00e9valuation, d\u2019intervention et de guidance parentale en autisme qui d\u00e9livre une prise en charge de qualit\u00e9 et de haut niveau avec une d\u00e9marche scientifique et un r\u00e9f\u00e9rentiel unique\u00bb. Ce mode est bas\u00e9 sur un management et un mode de fonctionnement bienveillant, efficace et efficient. Il faut aussi signaler la Pari-mixit\u00e9 qui est un concept d\u2019intervention globalis\u00e9e permettant \u00e0 la personne autiste d\u2019acc\u00e9der \u00e0 une vie professionnelle et une vie sociale ordinaire.<\/p>\n<p>Pour sa part, le programme \u00abUp to you est un projet visant \u00e0 d\u00e9mocratiser aupr\u00e8s des familles, le savoir-faire en mati\u00e8re de prise en charge \u00e9ducative et comportementale. L\u2019objectif \u00e9tant de traiter l\u2019autisme \u00e0 distance \u00e0 grande \u00e9chelle\u00bb, fait savoir l\u2019association. En outre figurent des formations fond\u00e9es sur une approche \u00e9ducative et comportementale pour les professionnels et les parents d\u2019enfant autiste. Pour rappel, l\u2019autisme est une maladie neurologique et g\u00e9n\u00e9tique qui affecte le fonctionnement du cerveau, le syst\u00e8me immunitaire et biologique.<\/p>\n<p>Elle alt\u00e8re les capacit\u00e9s de reconnaissance des expressions, des codes sociaux, affectifs et g\u00e9n\u00e8re une hypersensibilit\u00e9 \u00e9motionnelle et des troubles du comportement. Les sympt\u00f4mes surviennent avant l\u2019\u00e2ge de trois ans puis persistent. Les enfants pr\u00e9sentent le plus souvent des difficult\u00e9s lors de l\u2019apprentissage et de l\u2019insertion sociale.<\/p>\n<p>Auteur: Laila Zerrour<br \/>\n<a href=\"https:\/\/aujourdhui.ma\/societe\/680-000-marocains-touches-dont-216-000-enfants-autisme-a-quand-la-prise-en-charge\">Cliquez ici pour lire l&rsquo;article depuis sa source.<\/a><\/p>\n","protected":false},"excerpt":{"rendered":"<p>A l\u2019occasion de la journ\u00e9e mondiale de l\u2019autisme, c\u00e9l\u00e9br\u00e9e ce vendredi 2 avril, l\u2019Association Vaincre l\u2019autisme tire la sonnette d\u2019alarme sur la situation des autistes au Maroc. L\u2019association r\u00e9v\u00e8le que l\u2019autisme touche 680.000 personnes au Maroc dont 216.000 enfants. Ce trouble neurod\u00e9veloppemental touche 12 800 naissances par an au Maroc, ce qui repr\u00e9sente 34 naissances [&hellip;]<\/p>\n","protected":false},"author":1759,"featured_media":0,"comment_status":"closed","ping_status":"closed","sticky":false,"template":"","format":"standard","meta":{"fifu_image_url":"http:\/\/aujourdhui.ma\/wp-content\/uploads\/2021\/04\/Autisme-Maroc-1.jpg","fifu_image_alt":"680.000 Marocains touch\u00e9s dont 216.000 enfants  \/ Autisme : A quand la prise en charge ?","footnotes":""},"categories":[73,54],"tags":[],"class_list":["post-114176","post","type-post","status-publish","format-standard","hentry","category-actualite","category-maroc"],"_links":{"self":[{"href":"https:\/\/linitiative.ca\/International\/wp-json\/wp\/v2\/posts\/114176","targetHints":{"allow":["GET"]}}],"collection":[{"href":"https:\/\/linitiative.ca\/International\/wp-json\/wp\/v2\/posts"}],"about":[{"href":"https:\/\/linitiative.ca\/International\/wp-json\/wp\/v2\/types\/post"}],"author":[{"embeddable":true,"href":"https:\/\/linitiative.ca\/International\/wp-json\/wp\/v2\/users\/1759"}],"replies":[{"embeddable":true,"href":"https:\/\/linitiative.ca\/International\/wp-json\/wp\/v2\/comments?post=114176"}],"version-history":[{"count":0,"href":"https:\/\/linitiative.ca\/International\/wp-json\/wp\/v2\/posts\/114176\/revisions"}],"wp:attachment":[{"href":"https:\/\/linitiative.ca\/International\/wp-json\/wp\/v2\/media?parent=114176"}],"wp:term":[{"taxonomy":"category","embeddable":true,"href":"https:\/\/linitiative.ca\/International\/wp-json\/wp\/v2\/categories?post=114176"},{"taxonomy":"post_tag","embeddable":true,"href":"https:\/\/linitiative.ca\/International\/wp-json\/wp\/v2\/tags?post=114176"}],"curies":[{"name":"wp","href":"https:\/\/api.w.org\/{rel}","templated":true}]}}