{"id":114177,"date":"2021-04-02T10:27:52","date_gmt":"2021-04-02T14:27:52","guid":{"rendered":"https:\/\/linitiative.ca\/International\/12-eme-reunion-du-cve-voici-les-principales-mesures\/"},"modified":"2021-04-02T10:27:52","modified_gmt":"2021-04-02T14:27:52","slug":"12-eme-reunion-du-cve-voici-les-principales-mesures","status":"publish","type":"post","link":"https:\/\/linitiative.ca\/International\/12-eme-reunion-du-cve-voici-les-principales-mesures\/","title":{"rendered":"12 \u00e8me r\u00e9union du CVE : Voici les principales mesures"},"content":{"rendered":"<figure class=\"post-thumbnail\" itemprop=\"associatedMedia\" itemscope=\"itemscope\" itemtype=\"http:\/\/schema.org\/ImageObject\"><img decoding=\"async\" class=\"post_layout_5_img\" src=\"http:\/\/aujourdhui.ma\/wp-content\/uploads\/2021\/04\/Fin-du-credit-Relance-Le-prive-dans-lattente.jpg\" alt=\"12 \u00e8me r\u00e9union du CVE : Voici les principales mesures\"\/><\/figure>\n<p><span class=\"c5\"><strong>Le Comit\u00e9 de Veille Economique (CVE) vient de d\u00e9voiler les mesures prises lors de sa 12 \u00e8me r\u00e9union \u00e0 distance qui s\u2019est d\u00e9roul\u00e9e ce vendredi 2 avril 2021.<\/strong><\/span><span id=\"more-372843\"\/><\/p>\n<p>Celles-ci concernent : le passage en revue des d\u00e9veloppements r\u00e9cents de la situation \u00e9conomique et financi\u00e8re nationale et le prolongement jusqu\u2019au 30 juin 2021 des offres de garantie et de plusieurs mesures de soutien aff\u00e9rant aux huit contrats-programmes sign\u00e9s (Tourisme, restauration, traiteurs et \u00e9v\u00e8nementiel, parcs de jeux et d\u2019attraction, presse, industries culturelles et cr\u00e9atives, salles de sport priv\u00e9es et cr\u00e8ches).<\/p>\n<p>Pour ce qui est de l\u2019\u00e9volution r\u00e9cente de la situation \u00e9conomique et financi\u00e8re, l\u2019examen de la situation \u00e9conomique et financi\u00e8re d\u00e9but 2021 augure d\u2019une \u00e9volution positive de l\u2019activit\u00e9 \u00e9conomique. C\u2019est ce dont t\u00e9moigne l\u2019orientation favorable des principaux indicateurs conjoncturels (hausse pr\u00e9visible du PIB trimestriel de 0,5% au T1-2021, rebond des ventes de ciments de 3,9% au T1- 2021, hausse des recettes MRE de 22% \u00e0 fin f\u00e9vrier\u2026), m\u00eame si certains secteurs d\u2019activit\u00e9 demeurent encore en proie \u00e0 des tensions r\u00e9cessives dont le tourisme (baisse des arriv\u00e9es touristiques de 81% \u00e0 fin f\u00e9vrier), l\u2019a\u00e9ronautique (baisse des exportations de -22,7% \u00e0 fin f\u00e9vrier) et certaines activit\u00e9s tertiaires.<\/p>\n<p>Il est \u00e0 noter \u00e9galement que certains secteurs orient\u00e9s vers l\u2019export, particuli\u00e8rement l\u2019automobile et le textile-habillement, montrent des signes d\u2019essoufflement, en lien avec la situation des march\u00e9s europ\u00e9ens s\u00e9v\u00e8rement affect\u00e9s par la nouvelle vague de la pand\u00e9mie. Les perspectives favorables de la campagne agricole et le d\u00e9roulement exemplaire de l\u2019op\u00e9ration de vaccination constituent autant de facteurs qui ne manqueraient d\u2019insuffler un nouvel \u00e9lan \u00e0 la croissance de l\u2019\u00e9conomie nationale en 2021. Cette derni\u00e8re devrait enregistrer un taux de croissance de 5,2%, soit 0,4 point de plus par rapport aux pr\u00e9visions de la Loi de Finances 2021. Pour ce qui est des finances publiques, l\u2019ex\u00e9cution de la Loi de Finances 2021 \u00e0 fin mars, s\u2019inscrit en ligne avec les pr\u00e9visions, confort\u00e9e par une hausse des recettes en termes de l\u2019IR, de la TVA et des Droits de Douanes qui compense la baisse importante de l\u2019IS.<\/p>\n<p>Concernant la prorogation des offres de garantie \u00ab Damane Relance \u00bb, le CVE a not\u00e9 avec satisfaction les r\u00e9sultats positifs obtenus gr\u00e2ce aux diff\u00e9rents produits de garantie mis en place pour couvrir les besoins de financement des entreprises affect\u00e9es par la crise de la Covid-19. Au 31 mars 2021, ces produits de garantie ont couvert 93.419 cr\u00e9dits bancaires pour un montant global de 61,5 milliards de dirhams en faveur des entreprises, ce qui est en ligne avec les objectifs fix\u00e9s au niveau du Plan de relance initi\u00e9 par Sa Majest\u00e9 Le Roi, que Dieu l\u2019Assiste. Afin d\u2019accompagner la demande exprim\u00e9e par les op\u00e9rateurs \u00e9conomiques priv\u00e9s et publics et permettre \u00e9galement la finalisation des dossiers toujours en cours de formalisation, il a \u00e9t\u00e9 d\u00e9cid\u00e9 de proroger au 30 juin 2021, le b\u00e9n\u00e9fice de la garantie de l\u2019Etat (\u00ab Damane Relance \u00bb).<\/p>\n<p>Par ailleurs, compte tenu de la persistance des effets n\u00e9gatifs occasionn\u00e9s par la crise sanitaire du Covid-19 sur certaines branches d\u2019activit\u00e9 vuln\u00e9rables, le CVE a d\u00e9cid\u00e9 de prolonger plusieurs mesures d\u2019appui en leur faveur jusqu\u2019au 30 juin 2021. Il s\u2019agit, en l\u2019occurrence, des indemnit\u00e9s, des allocations familiales ainsi que l\u2019AMO au profit des salari\u00e9s relevant du secteur du tourisme, de la restauration, des activit\u00e9s des traiteurs et prestataires \u00e9v\u00e8nementiels, celles des parcs d\u2019attraction et de jeux, des cr\u00e8ches, des salles de sport priv\u00e9es au m\u00eame titre que le secteur de la presse et des industries culturelles et cr\u00e9atives. L\u2019ensemble de ces mesures qui concernent environ 102.000 salari\u00e9s, est financ\u00e9 par le Fonds sp\u00e9cial pour la gestion de la pand\u00e9mie du Coronavirus \u00ab La Covid-19 \u00bb.<\/p>\n<p>Par ailleurs, et tenant compte de l\u2019\u00e9volution inqui\u00e9tante de la situation sanitaire chez nos principaux partenaires europ\u00e9ens et des mesures de restrictions qui ont \u00e9t\u00e9 mises en place pour endiguer son aggravation, le CVE continuera de suivre de pr\u00e8s l\u2019\u00e9volution de la situation, notamment celle des secteurs \u00e9conomiques les plus impact\u00e9s et ce, en concertation avec les d\u00e9partements minist\u00e9riels concern\u00e9s<\/p>\n<p>Auteur: ALM<br \/>\n<a href=\"https:\/\/aujourdhui.ma\/economie\/12-eme-reunion-du-cve-voici-les-principales-mesures\">Cliquez ici pour lire l&rsquo;article depuis sa source.<\/a><\/p>\n","protected":false},"excerpt":{"rendered":"<p>Le Comit\u00e9 de Veille Economique (CVE) vient de d\u00e9voiler les mesures prises lors de sa 12 \u00e8me r\u00e9union \u00e0 distance qui s\u2019est d\u00e9roul\u00e9e ce vendredi 2 avril 2021. Celles-ci concernent : le passage en revue des d\u00e9veloppements r\u00e9cents de la situation \u00e9conomique et financi\u00e8re nationale et le prolongement jusqu\u2019au 30 juin 2021 des offres de [&hellip;]<\/p>\n","protected":false},"author":1759,"featured_media":0,"comment_status":"closed","ping_status":"closed","sticky":false,"template":"","format":"standard","meta":{"fifu_image_url":"http:\/\/aujourdhui.ma\/wp-content\/uploads\/2021\/04\/Fin-du-credit-Relance-Le-prive-dans-lattente.jpg","fifu_image_alt":"12 \u00e8me r\u00e9union du CVE : Voici les principales mesures","footnotes":""},"categories":[73,54],"tags":[],"class_list":["post-114177","post","type-post","status-publish","format-standard","hentry","category-actualite","category-maroc"],"_links":{"self":[{"href":"https:\/\/linitiative.ca\/International\/wp-json\/wp\/v2\/posts\/114177","targetHints":{"allow":["GET"]}}],"collection":[{"href":"https:\/\/linitiative.ca\/International\/wp-json\/wp\/v2\/posts"}],"about":[{"href":"https:\/\/linitiative.ca\/International\/wp-json\/wp\/v2\/types\/post"}],"author":[{"embeddable":true,"href":"https:\/\/linitiative.ca\/International\/wp-json\/wp\/v2\/users\/1759"}],"replies":[{"embeddable":true,"href":"https:\/\/linitiative.ca\/International\/wp-json\/wp\/v2\/comments?post=114177"}],"version-history":[{"count":0,"href":"https:\/\/linitiative.ca\/International\/wp-json\/wp\/v2\/posts\/114177\/revisions"}],"wp:attachment":[{"href":"https:\/\/linitiative.ca\/International\/wp-json\/wp\/v2\/media?parent=114177"}],"wp:term":[{"taxonomy":"category","embeddable":true,"href":"https:\/\/linitiative.ca\/International\/wp-json\/wp\/v2\/categories?post=114177"},{"taxonomy":"post_tag","embeddable":true,"href":"https:\/\/linitiative.ca\/International\/wp-json\/wp\/v2\/tags?post=114177"}],"curies":[{"name":"wp","href":"https:\/\/api.w.org\/{rel}","templated":true}]}}