{"id":114178,"date":"2021-04-02T11:00:11","date_gmt":"2021-04-02T15:00:11","guid":{"rendered":"https:\/\/linitiative.ca\/International\/education-sexuelle-en-milieu-familial-le-ministere-de-la-sante-et-unfpa-lanceront-prochainement-une-etude\/"},"modified":"2021-04-02T11:00:11","modified_gmt":"2021-04-02T15:00:11","slug":"education-sexuelle-en-milieu-familial-le-ministere-de-la-sante-et-unfpa-lanceront-prochainement-une-etude","status":"publish","type":"post","link":"https:\/\/linitiative.ca\/International\/education-sexuelle-en-milieu-familial-le-ministere-de-la-sante-et-unfpa-lanceront-prochainement-une-etude\/","title":{"rendered":"Education sexuelle en milieu familial  : Le minist\u00e8re de la sant\u00e9 et UNFPA lanceront  prochainement une \u00e9tude"},"content":{"rendered":"<figure class=\"post-thumbnail\" itemprop=\"associatedMedia\" itemscope=\"itemscope\" itemtype=\"http:\/\/schema.org\/ImageObject\"><img decoding=\"async\" class=\"post_layout_5_img\" src=\"http:\/\/aujourdhui.ma\/wp-content\/uploads\/2021\/04\/maroc-jeunesse-650x366-1.jpg\" alt=\"Education sexuelle en milieu familial : Le minist\u00e8re de la sant\u00e9 et UNFPA lanceront prochainement une \u00e9tude\"\/><\/figure>\n<p><span class=\"c5\"><strong>Le Fonds des Nations Unies pour la population (UNFPA) et le minist\u00e8re de la sant\u00e9 viennent de lancer un appel \u00e0 consultation pour l\u2019\u00e9laboration d\u2019une \u00e9tude portant sur les connaissances, attitudes et pratiques des parents et des besoins des adolescents en mati\u00e8re d\u2019\u00e9ducation sexuelle et reproductive.<\/strong><\/span><span id=\"more-372800\"\/><\/p>\n<p>A travers cette \u00e9tude, il s\u2019agit d\u2019explorer le v\u00e9cu, les besoins et attentes des adolescents pour une \u00e9ducation sexuelle et reproductive compl\u00e8te. Il est aussi question de confronter les perceptions des deux populations (parents et adolescents) pour faire ressortir les \u00e9carts entre l\u2019existant et leurs besoins et les attentes. Les approches d\u2019\u00e9ducation sexuelle et reproductive adapt\u00e9es aux besoins et attentes des adolescents et jeunes marocains sont adopt\u00e9es pour les futures formations en \u00e9ducation sexuelle et reproductive des parents pr\u00e9vues par le minist\u00e8re de la sant\u00e9. A noter que cette \u00e9tude cible les parents, les adolescents et les jeunes de 10 \u00e0 20 ans ( avec une repr\u00e9sentativit\u00e9 nationale).<\/p>\n<p>Signalons que l\u2019enqu\u00eate de 2013 sur les connaissances, les attitudes et les pratiques des jeunes de 15 \u00e0 24 ans en relation aux MST et au VIH-Sida met en \u00e9vidence la baisse de l\u2019\u00e2ge moyen des premiers rapports sexuels : 16,5 ans chez les gar\u00e7ons et 17,8 ans chez les filles. Dans la tranche des 15-19 ans, seuls 17,3% des gar\u00e7ons et 9,9% des filles reconnaissent avoir eu des rapports sexuels, mais les comportements \u00e0 risque sont importants \u00e0 cet \u00e2ge. La pratique de rapports sexuels multipartenaires concerne 29% des gar\u00e7ons et 49% des filles. Concernant l\u2019usage de pr\u00e9servatifs, 17% des 15-24 ans d\u00e9clarent en utiliser syst\u00e9matiquement, 29% l\u2019utilisent parfois, et 15% en utilisent rarement. Un pourcentage tr\u00e8s \u00e9lev\u00e9, 37%, n\u2019en ont jamais utilis\u00e9.<\/p>\n<p>Par ailleurs, 14,5% des filles de 15-19 ans ont rapport\u00e9 avoir v\u00e9cu ou subi un avortement \u00e0 la suite d\u2019une grossesse non d\u00e9sir\u00e9e.\u00a0Pour ce qui est du VIH-Sida, 2% des gar\u00e7ons et 5,7% des filles de 15 \u00e0 19 ans ont indiqu\u00e9 avoir r\u00e9alis\u00e9 un d\u00e9pistage dans les douze mois ayant pr\u00e9c\u00e9d\u00e9 l\u2019enqu\u00eate. D \u2019apr\u00e8s la m\u00eame enqu\u00eate, seuls 28,95% des gar\u00e7ons et 22,19% des filles de 15-24 ans rapportent avoir re\u00e7u suffisamment d\u2019informations sur la sexualit\u00e9 depuis leur enfance.<\/p>\n<p>Auteur: ALM<br \/>\n<a href=\"https:\/\/aujourdhui.ma\/societe\/education-sexuelle-en-milieu-familial-le-ministere-de-la-sante-et-unfpa-lanceront-prochainement-une-etude\">Cliquez ici pour lire l&rsquo;article depuis sa source.<\/a><\/p>\n","protected":false},"excerpt":{"rendered":"<p>Le Fonds des Nations Unies pour la population (UNFPA) et le minist\u00e8re de la sant\u00e9 viennent de lancer un appel \u00e0 consultation pour l\u2019\u00e9laboration d\u2019une \u00e9tude portant sur les connaissances, attitudes et pratiques des parents et des besoins des adolescents en mati\u00e8re d\u2019\u00e9ducation sexuelle et reproductive. A travers cette \u00e9tude, il s\u2019agit d\u2019explorer le v\u00e9cu, [&hellip;]<\/p>\n","protected":false},"author":1759,"featured_media":0,"comment_status":"closed","ping_status":"closed","sticky":false,"template":"","format":"standard","meta":{"fifu_image_url":"http:\/\/aujourdhui.ma\/wp-content\/uploads\/2021\/04\/maroc-jeunesse-650x366-1.jpg","fifu_image_alt":"Education sexuelle en milieu familial  : Le minist\u00e8re de la sant\u00e9 et UNFPA lanceront  prochainement une \u00e9tude","footnotes":""},"categories":[73,54],"tags":[],"class_list":["post-114178","post","type-post","status-publish","format-standard","hentry","category-actualite","category-maroc"],"_links":{"self":[{"href":"https:\/\/linitiative.ca\/International\/wp-json\/wp\/v2\/posts\/114178","targetHints":{"allow":["GET"]}}],"collection":[{"href":"https:\/\/linitiative.ca\/International\/wp-json\/wp\/v2\/posts"}],"about":[{"href":"https:\/\/linitiative.ca\/International\/wp-json\/wp\/v2\/types\/post"}],"author":[{"embeddable":true,"href":"https:\/\/linitiative.ca\/International\/wp-json\/wp\/v2\/users\/1759"}],"replies":[{"embeddable":true,"href":"https:\/\/linitiative.ca\/International\/wp-json\/wp\/v2\/comments?post=114178"}],"version-history":[{"count":0,"href":"https:\/\/linitiative.ca\/International\/wp-json\/wp\/v2\/posts\/114178\/revisions"}],"wp:attachment":[{"href":"https:\/\/linitiative.ca\/International\/wp-json\/wp\/v2\/media?parent=114178"}],"wp:term":[{"taxonomy":"category","embeddable":true,"href":"https:\/\/linitiative.ca\/International\/wp-json\/wp\/v2\/categories?post=114178"},{"taxonomy":"post_tag","embeddable":true,"href":"https:\/\/linitiative.ca\/International\/wp-json\/wp\/v2\/tags?post=114178"}],"curies":[{"name":"wp","href":"https:\/\/api.w.org\/{rel}","templated":true}]}}