{"id":114181,"date":"2021-04-02T05:41:57","date_gmt":"2021-04-02T09:41:57","guid":{"rendered":"https:\/\/linitiative.ca\/International\/projets-de-lois-et-decrets-gouvernementaux-a-caractere-economique-adoptes-en-cmr\/"},"modified":"2021-04-02T05:41:57","modified_gmt":"2021-04-02T09:41:57","slug":"projets-de-lois-et-decrets-gouvernementaux-a-caractere-economique-adoptes-en-cmr","status":"publish","type":"post","link":"https:\/\/linitiative.ca\/International\/projets-de-lois-et-decrets-gouvernementaux-a-caractere-economique-adoptes-en-cmr\/","title":{"rendered":"Projets de lois et d\u00e9crets gouvernementaux \u00e0 caract\u00e8re \u00e9conomique adopt\u00e9s en CMR"},"content":{"rendered":"<h2>Des projets de loi et des d\u00e9crets gouvernementaux \u00e0 caract\u00e8re \u00e9conomique et financier ont \u00e9t\u00e9 adopt\u00e9s jeudi. Et ce, au cours d\u2019un <a href=\"https:\/\/www.facebook.com\/Presidencedugouvernementtunisien\/videos\/254599656408609\" target=\"_blank\" rel=\"noopener noreferrer\">Conseil minist\u00e9riel consacr\u00e9 \u00e0 la situation sanitaire, financi\u00e8re et \u00e9conomique du pays.<\/a> Il se tenait sous la pr\u00e9sidence du chef du gouvernement, Hichem Mechichi.<\/h2>\n<p>Le chef du gouvernement Hichem Mechichi a indiqu\u00e9 que \u00ab\u00a0ce conseil sera l\u2019occasion d\u2019examiner plusieurs dossiers et mesures \u00e9conomiques et juridiques. Ils auront un impact positif sur le climat d\u2019investissement. Il permettront aussi de lib\u00e9rer l\u2019initiative \u00e9conomique et de ma\u00eetriser les circuits de distribution\u00a0\u00bb.<\/p>\n<p>Il a, par ailleurs, estim\u00e9 que l\u2019article 96 du Code p\u00e9nal, dans sa version actuelle, a \u00e9t\u00e9 un vrai obstacle \u00e0 l\u2019esprit d\u2019initiative au sein de l\u2019administration publique. Celle-ci reste \u00ab\u00a0un pilier du d\u00e9veloppement\u00a0\u00bb et de la stabilit\u00e9 du pays.<\/p>\n<p>En effet, cet article pr\u00e9voit \u00ab\u00a0une peine de dix ans d\u2019emprisonnement et une amende \u00e9gale \u00e0 l\u2019avantage re\u00e7u ou le pr\u00e9judice subi par l\u2019administration, tout fonctionnaire public ou assimil\u00e9, qui use de sa qualit\u00e9 et de ce fait se procure \u00e0 lui-m\u00eame ou procure \u00e0 un tiers un avantage injustifi\u00e9, cause un pr\u00e9judice \u00e0 l\u2019administration ou contrevient aux r\u00e8glements r\u00e9gissant ces op\u00e9rations en vue de la r\u00e9alisation de l\u2019avantage ou de pr\u00e9judice pr\u00e9cit\u00e9s\u00a0\u00bb.<\/p>\n<p>Le chef du gouvernement a, \u00e9galement, indiqu\u00e9 que la <a href=\"http:\/\/www.leconomistemaghrebin.com\/2021\/04\/01\/seuls-275-tunisiens-denonceraient-corruption\/\" target=\"_blank\" rel=\"noopener noreferrer\">lutte contre la corruption<\/a> doit \u00eatre op\u00e9r\u00e9e \u00e0 travers les institutions de l\u2019Etat et les textes. Et ce, \u00ab\u00a0loin des tiraillements politiques\u00a0\u00bb. Ainsi, le conseil de minist\u00e9riel a approuv\u00e9 le projet de loi amendant l\u2019article 96 du code p\u00e9nal.<\/p>\n<h2>Projets de lois<\/h2>\n<p>D\u2019autre part, le CMR a aussi adopt\u00e9 d\u2019autres projets de loi et des d\u00e9crets gouvernementaux. Il s\u2019agit de:<\/p>\n<ul>\n<li>Un projet de loi portant approbation d\u2019un accord de financement conclu le 18 f\u00e9vrier 2021, entre le minist\u00e8re de l\u2019Economie et des Finances et un groupe de banques locales. Cet accord vise \u00e0 financer le budget de l\u2019Etat.<\/li>\n<li>Un projet de loi portant approbation d\u2019un accord de pr\u00eat conclu le 31 mars 2021, entre la Tunisie et la Banque Internationale pour la Reconstruction et le D\u00e9veloppement (BIRD). Il s\u2019agit d\u2019une enveloppe suppl\u00e9mentaire de 100 millions de dollars. Et ce, afin de lutter contre la pand\u00e9mie de Covid-19.<\/li>\n<li>Un projet de loi portant finalisation du D\u00e9cret du 4 juin 1957 relatif aux op\u00e9rations immobili\u00e8res.<\/li>\n<\/ul>\n<h2>Projets de d\u00e9crets gouvernementaux:<\/h2>\n<ul>\n<li>Un projet de d\u00e9cret gouvernemental fixant l\u2019organigramme de l\u2019Office de l\u2019Aviation Civile et des A\u00e9roports (OACA);<\/li>\n<li>Un projet de d\u00e9cret gouvernemental relatif \u00e0 l\u2019approbation de l\u2019adh\u00e9sion de la R\u00e9publique tunisienne au protocole d\u2019amendement de la convention relative aux crimes et autres actes commis \u00e0 bord des avions;<\/li>\n<li>Un projet de d\u00e9cret gouvernemental fixant l\u2019organigramme de la Soci\u00e9t\u00e9 d\u2019Exploitation du Canal et Adductions des Eaux du Nord;<\/li>\n<li>Un projet de d\u00e9cret gouvernemental fixant l\u2019organigramme de la Soci\u00e9t\u00e9 Nationale de Distribution des P\u00e9troles (AGIL);<\/li>\n<li>Un projet de d\u00e9cret gouvernemental relatif \u00e0 l\u2019expropriation pour l\u2019int\u00e9r\u00eat public d\u2019une terre \u00e0 Kasserine pour la r\u00e9alisation de la route ceinture de Kasserine;<\/li>\n<li>Un projet de d\u00e9cret gouvernemental relatif \u00e0 l\u2019adoption de la liste des b\u00e9n\u00e9ficiaires de la r\u00e9gularisation de la situation des terres domaniales agricoles dans les gouvernorats de Tozeur, Kairouan,\u00a0 B\u00e9ja, Zaghouan et Bizerte \u00e0 travers la vente de gr\u00e9 \u00e0 gr\u00e9 selon le prix de ces biens;<\/li>\n<li>Un projet de d\u00e9cret gouvernemental relatif \u00e0 l\u2019amendement du d\u00e9cret gouvernemental num\u00e9ro 464 de l\u2019ann\u00e9e 2016 relatif \u00e0 la cr\u00e9ation d\u2019une Unit\u00e9 de gestion par objectifs relative aux n\u00e9gociations entre la Tunisie et l\u2019Union europ\u00e9enne. Et ce, dans cadre de l\u2019accord de libre-\u00e9change complet et approfondi (ALECA).<\/li>\n<\/ul>\n<p>Avec TAP<\/p>\n<div class=\"wp-post-author-wrap wp-post-author-shortcode left\">\n<h3 class=\"awpa-title\"\/>\n<div class=\"wp-post-author\">\n<div class=\"awpa-img awpa-author-block square\"><a href=\"http:\/\/lexpertjournal.net\/fr\/?author=5\"><img loading=\"lazy\" decoding=\"async\" alt=\"\" src=\"http:\/\/0.gravatar.com\/avatar\/97f8e10a1c1125ba104a76514ee07b16?s=150&amp;d=mm&amp;r=g\" srcset=\"http:\/\/0.gravatar.com\/avatar\/97f8e10a1c1125ba104a76514ee07b16?s=300&amp;d=mm&amp;r=g 2x\" class=\"avatar avatar-150 photo\" height=\"150\" width=\"150\"\/><\/a><\/div>\n<\/div>\n<\/div>\n<aside class=\"mashsb-container mashsb-main mashsb-stretched\">\n<\/aside>\n<p>Auteur: L&rsquo;expert<br \/>\n<a href=\"http:\/\/lexpertjournal.net\/fr\/?p=19530\">Cliquez ici pour lire l&rsquo;article depuis sa source.<\/a><\/p>\n","protected":false},"excerpt":{"rendered":"<p>Des projets de loi et des d\u00e9crets gouvernementaux \u00e0 caract\u00e8re \u00e9conomique et financier ont \u00e9t\u00e9 adopt\u00e9s jeudi. Et ce, au cours d\u2019un Conseil minist\u00e9riel consacr\u00e9 \u00e0 la situation sanitaire, financi\u00e8re et \u00e9conomique du pays. Il se tenait sous la pr\u00e9sidence du chef du gouvernement, Hichem Mechichi. Le chef du gouvernement Hichem Mechichi a indiqu\u00e9 que [&hellip;]<\/p>\n","protected":false},"author":1775,"featured_media":0,"comment_status":"closed","ping_status":"closed","sticky":false,"template":"","format":"standard","meta":{"fifu_image_url":"http:\/\/0.gravatar.com\/avatar\/97f8e10a1c1125ba104a76514ee07b16?s=150&d=mm&r=g","fifu_image_alt":"Projets de lois et d\u00e9crets gouvernementaux \u00e0 caract\u00e8re \u00e9conomique adopt\u00e9s en CMR","footnotes":""},"categories":[78,55],"tags":[],"class_list":["post-114181","post","type-post","status-publish","format-standard","hentry","category-economie","category-tunisie"],"_links":{"self":[{"href":"https:\/\/linitiative.ca\/International\/wp-json\/wp\/v2\/posts\/114181","targetHints":{"allow":["GET"]}}],"collection":[{"href":"https:\/\/linitiative.ca\/International\/wp-json\/wp\/v2\/posts"}],"about":[{"href":"https:\/\/linitiative.ca\/International\/wp-json\/wp\/v2\/types\/post"}],"author":[{"embeddable":true,"href":"https:\/\/linitiative.ca\/International\/wp-json\/wp\/v2\/users\/1775"}],"replies":[{"embeddable":true,"href":"https:\/\/linitiative.ca\/International\/wp-json\/wp\/v2\/comments?post=114181"}],"version-history":[{"count":0,"href":"https:\/\/linitiative.ca\/International\/wp-json\/wp\/v2\/posts\/114181\/revisions"}],"wp:attachment":[{"href":"https:\/\/linitiative.ca\/International\/wp-json\/wp\/v2\/media?parent=114181"}],"wp:term":[{"taxonomy":"category","embeddable":true,"href":"https:\/\/linitiative.ca\/International\/wp-json\/wp\/v2\/categories?post=114181"},{"taxonomy":"post_tag","embeddable":true,"href":"https:\/\/linitiative.ca\/International\/wp-json\/wp\/v2\/tags?post=114181"}],"curies":[{"name":"wp","href":"https:\/\/api.w.org\/{rel}","templated":true}]}}