{"id":114182,"date":"2021-04-02T05:48:15","date_gmt":"2021-04-02T09:48:15","guid":{"rendered":"https:\/\/linitiative.ca\/International\/ali-kooli-quatre-priorites-politiques-cles-en-matiere-dinvestissement\/"},"modified":"2021-04-02T05:48:15","modified_gmt":"2021-04-02T09:48:15","slug":"ali-kooli-quatre-priorites-politiques-cles-en-matiere-dinvestissement","status":"publish","type":"post","link":"https:\/\/linitiative.ca\/International\/ali-kooli-quatre-priorites-politiques-cles-en-matiere-dinvestissement\/","title":{"rendered":"Ali Kooli : \u00ab Quatre priorit\u00e9s politiques cl\u00e9s en mati\u00e8re d\u2019investissement \u00bb"},"content":{"rendered":"<h2>Dans une <a href=\"https:\/\/www.oecd-forum.org\/posts\/saisir-les-opportunites-les-investissements-doivent-conduire-la-region-mena-vers-la-reprise\" target=\"_blank\" rel=\"noopener noreferrer\">tribune publi\u00e9e sur le site web de l\u2019OCDE<\/a>, le minist\u00e8re du D\u00e9veloppement de l\u2019Investissement et de la Coop\u00e9ration internationale, Ali Kooli, souligne la n\u00e9cessit\u00e9 de se focaliser sur les moyens d\u2019attirer plus d\u2019investissements; mais \u00e9galement sur la qualit\u00e9 de ces investissements.<\/h2>\n<p>Selon la m\u00eame source, Ali Kooli a rappel\u00e9 que la pand\u00e9mie a largement impact\u00e9 les <a href=\"http:\/\/www.leconomistemaghrebin.com\/2021\/04\/01\/tunisie-un-appartement-vide-se-loue-en-moyenne-1360-dt-par-mois\/\" target=\"_blank\" rel=\"noopener noreferrer\">investissements directs \u00e9trangers (IDE)<\/a>. Le ministre a not\u00e9 que ces derniers ont globalement chut\u00e9 de 50% au premier semestre 2020, par rapport au second semestre de 2019.<\/p>\n<p>Ainsi, la r\u00e9gion MENA, y compris la Tunisie, n\u2019a pas \u00e9t\u00e9 \u00e9pargn\u00e9e. \u00ab\u00a0Les flux d\u2019IDE, en Tunisie, en 2020, ont diminu\u00e9 de 23% par rapport \u00e0 2019, passant de 823 USD \u00e0 643 millions USD!\u00a0\u00bb, a pr\u00e9cis\u00e9 le ministre.<\/p>\n<p>Alors, Ali Kooli pr\u00e9sente quatre priorit\u00e9s pour un nouveau programme d\u2019investissement dans la r\u00e9gion MENA permettant une relance \u00e9conomique.<\/p>\n<p>En premier lieu, le ministre souligne l\u2019importance de l\u2019am\u00e9lioration des cadres juridiques d\u2019investissement. Il appelle \u00e0 plus de transparence et de clart\u00e9 et moins de cas de pouvoir discr\u00e9tionnaire et de corruption.<\/p>\n<p>Des r\u00e9formes \u00ab\u00a0plus audacieuses\u00a0\u00bb de l\u2019environnement des affaires\u00a0 repr\u00e9sentent le deuxi\u00e8me volet des priorit\u00e9s. Ali Kooli estime que le gouvernement doit stimuler la concurrence et soutenir un secteur priv\u00e9 dynamique.<\/p>\n<p>En troisi\u00e8me lieu, le ministre revient sur les strat\u00e9gies de promotion des investissements et les objectifs de d\u00e9veloppement durable. Il\u00a0 insiste, \u00e0 ce propos, sur la compl\u00e9mentarit\u00e9 entre ces \u00e9l\u00e9ments.<\/p>\n<p>Enfin, le ministre souhaite le renforcement des cadres institutionnels et de gouvernance. Il indique en effet qu\u2019une telle approche permet la mise en place d\u2019une meilleure politique d\u2019investissement. Ainsi, \u00ab\u00a0une approche pangouvernementale, adapt\u00e9e aux besoins du secteur priv\u00e9\u00a0\u00bb repr\u00e9sente, selon lui, l\u2019\u00e9l\u00e9ment le plus important dans les efforts de promotion et de facilitation des investissements.<\/p>\n<p>leconomiste maghrebin<\/p>\n<div class=\"wp-post-author-wrap wp-post-author-shortcode left\">\n<h3 class=\"awpa-title\"\/>\n<div class=\"wp-post-author\">\n<div class=\"awpa-img awpa-author-block square\"><a href=\"http:\/\/lexpertjournal.net\/fr\/?author=5\"><img loading=\"lazy\" decoding=\"async\" alt=\"\" src=\"http:\/\/0.gravatar.com\/avatar\/97f8e10a1c1125ba104a76514ee07b16?s=150&amp;d=mm&amp;r=g\" srcset=\"http:\/\/0.gravatar.com\/avatar\/97f8e10a1c1125ba104a76514ee07b16?s=300&amp;d=mm&amp;r=g 2x\" class=\"avatar avatar-150 photo\" height=\"150\" width=\"150\"\/><\/a><\/div>\n<\/div>\n<\/div>\n<aside class=\"mashsb-container mashsb-main mashsb-stretched\">\n<\/aside>\n<p>Auteur: L&rsquo;expert<br \/>\n<a href=\"http:\/\/lexpertjournal.net\/fr\/?p=19533\">Cliquez ici pour lire l&rsquo;article depuis sa source.<\/a><\/p>\n","protected":false},"excerpt":{"rendered":"<p>Dans une tribune publi\u00e9e sur le site web de l\u2019OCDE, le minist\u00e8re du D\u00e9veloppement de l\u2019Investissement et de la Coop\u00e9ration internationale, Ali Kooli, souligne la n\u00e9cessit\u00e9 de se focaliser sur les moyens d\u2019attirer plus d\u2019investissements; mais \u00e9galement sur la qualit\u00e9 de ces investissements. Selon la m\u00eame source, Ali Kooli a rappel\u00e9 que la pand\u00e9mie a [&hellip;]<\/p>\n","protected":false},"author":1775,"featured_media":0,"comment_status":"closed","ping_status":"closed","sticky":false,"template":"","format":"standard","meta":{"fifu_image_url":"http:\/\/0.gravatar.com\/avatar\/97f8e10a1c1125ba104a76514ee07b16?s=150&d=mm&r=g","fifu_image_alt":"Ali Kooli : \u00ab Quatre priorit\u00e9s politiques cl\u00e9s en mati\u00e8re d\u2019investissement \u00bb","footnotes":""},"categories":[78,55],"tags":[],"class_list":["post-114182","post","type-post","status-publish","format-standard","hentry","category-economie","category-tunisie"],"_links":{"self":[{"href":"https:\/\/linitiative.ca\/International\/wp-json\/wp\/v2\/posts\/114182","targetHints":{"allow":["GET"]}}],"collection":[{"href":"https:\/\/linitiative.ca\/International\/wp-json\/wp\/v2\/posts"}],"about":[{"href":"https:\/\/linitiative.ca\/International\/wp-json\/wp\/v2\/types\/post"}],"author":[{"embeddable":true,"href":"https:\/\/linitiative.ca\/International\/wp-json\/wp\/v2\/users\/1775"}],"replies":[{"embeddable":true,"href":"https:\/\/linitiative.ca\/International\/wp-json\/wp\/v2\/comments?post=114182"}],"version-history":[{"count":0,"href":"https:\/\/linitiative.ca\/International\/wp-json\/wp\/v2\/posts\/114182\/revisions"}],"wp:attachment":[{"href":"https:\/\/linitiative.ca\/International\/wp-json\/wp\/v2\/media?parent=114182"}],"wp:term":[{"taxonomy":"category","embeddable":true,"href":"https:\/\/linitiative.ca\/International\/wp-json\/wp\/v2\/categories?post=114182"},{"taxonomy":"post_tag","embeddable":true,"href":"https:\/\/linitiative.ca\/International\/wp-json\/wp\/v2\/tags?post=114182"}],"curies":[{"name":"wp","href":"https:\/\/api.w.org\/{rel}","templated":true}]}}