{"id":114183,"date":"2021-04-02T06:05:29","date_gmt":"2021-04-02T10:05:29","guid":{"rendered":"https:\/\/linitiative.ca\/International\/un-financement-de-196-millions-de-dinars-pour-depolluer-le-lac-de-bizerte\/"},"modified":"2021-04-02T06:05:29","modified_gmt":"2021-04-02T10:05:29","slug":"un-financement-de-196-millions-de-dinars-pour-depolluer-le-lac-de-bizerte","status":"publish","type":"post","link":"https:\/\/linitiative.ca\/International\/un-financement-de-196-millions-de-dinars-pour-depolluer-le-lac-de-bizerte\/","title":{"rendered":"Un financement de 1,96 millions de dinars pour d\u00e9polluer le Lac de Bizerte"},"content":{"rendered":"<h2>\u00ab\u00a0Des contrats de financement pour la mise en \u0153uvre du projet int\u00e9gr\u00e9 de d\u00e9pollution du Lac de Bizerte, baptis\u00e9 \u00ab\u00a0Eco Pact\u00a0\u00bb, ont \u00e9t\u00e9 sign\u00e9s, mardi, 30 mars 2021. Et ce pour un montant de 600 mille d\u2019euros (1,968 MD)\u00a0\u00bb. C\u2019est ce qu\u2019a annonc\u00e9 le <a href=\"https:\/\/www.facebook.com\/MinALEnv\" target=\"_blank\" rel=\"noopener noreferrer\">minist\u00e8re des Affaires locales et de l\u2019Environnement.<\/a><\/h2>\n<p>Il s\u2019agit du premier projet d\u2019investissement labellis\u00e9 dans le cadre de l\u2019initiative euro-m\u00e9diterran\u00e9enne Horizon 2020. Objectifs : d\u00e9polluer le bassin versant du lac de Bizerte, am\u00e9liorer la qualit\u00e9 des eaux du lac et l\u2019\u00e9tat de ses \u00e9cosyst\u00e8mes. Et ce en vue de favoriser un d\u00e9veloppement socio-\u00e9conomique durable et am\u00e9liorer la qualit\u00e9 de vie des citoyens, selon le site du projet.<\/p>\n<p>Dans le cadre de ce projet, des actions diversifi\u00e9es sont pr\u00e9vues dans plusieurs domaines. Il s\u2019agit notamment de la sensibilisation industrielle, l\u2019agriculture biologique, l\u2019am\u00e9lioration de la gestion des d\u00e9chets verts et l\u2019am\u00e9lioration de l\u2019am\u00e9nagement c\u00f4tier dans la zone du bassin versant au Lac de Bizerte. Et ce pour \u00e9tendre les apports des projets \u00e0 d\u2019autres localit\u00e9s, dont Ichkeul et El Alia.<\/p>\n<p>En effet, ces actions seront entreprises par des associations, municipalit\u00e9s, agences publiques et autres groupements professionnels \u00e0 but non lucratif. Ils b\u00e9n\u00e9ficieront d\u2019un financement europ\u00e9en.<\/p>\n<p>A cet \u00e9gard, 5 conventions ont \u00e9t\u00e9 sign\u00e9es avec le Fonds mondial de la nature (<a href=\"http:\/\/www.leconomistemaghrebin.com\/2020\/10\/08\/wwf-na-lancera-etude-pour-identifier-secteurs-cles-impactant-biodiversite-tunisie\/\" target=\"_blank\" rel=\"noopener noreferrer\">WWF<\/a>) en Tunisie, le Centre Strat\u00e9gique pour la protection du d\u00e9veloppement durable, l\u2019Association Ichkeul pour la veille strat\u00e9gique, l\u2019Association des jeunes Pour la Citoyennet\u00e9 Active et la d\u00e9mocratie et l\u2019Association Menzel Jemil.<\/p>\n<p>Notons que \u00ab\u00a0sept autres conventions seront aussi sign\u00e9es. Et ce apr\u00e8s le parach\u00e8vement de proc\u00e9dures administratives\u00a0\u00bb, pr\u00e9cise le minist\u00e8re.<\/p>\n<p><em>Avec TAP<\/em><\/p>\n<div class=\"wp-post-author-wrap wp-post-author-shortcode left\">\n<h3 class=\"awpa-title\"\/>\n<div class=\"wp-post-author\">\n<div class=\"awpa-img awpa-author-block square\"><a href=\"http:\/\/lexpertjournal.net\/fr\/?author=5\"><img loading=\"lazy\" decoding=\"async\" alt=\"\" src=\"http:\/\/0.gravatar.com\/avatar\/97f8e10a1c1125ba104a76514ee07b16?s=150&amp;d=mm&amp;r=g\" srcset=\"http:\/\/0.gravatar.com\/avatar\/97f8e10a1c1125ba104a76514ee07b16?s=300&amp;d=mm&amp;r=g 2x\" class=\"avatar avatar-150 photo\" height=\"150\" width=\"150\"\/><\/a><\/div>\n<\/div>\n<\/div>\n<aside class=\"mashsb-container mashsb-main mashsb-stretched\">\n<\/aside>\n<p>Auteur: L&rsquo;expert<br \/>\n<a href=\"http:\/\/lexpertjournal.net\/fr\/?p=19537\">Cliquez ici pour lire l&rsquo;article depuis sa source.<\/a><\/p>\n","protected":false},"excerpt":{"rendered":"<p>\u00ab\u00a0Des contrats de financement pour la mise en \u0153uvre du projet int\u00e9gr\u00e9 de d\u00e9pollution du Lac de Bizerte, baptis\u00e9 \u00ab\u00a0Eco Pact\u00a0\u00bb, ont \u00e9t\u00e9 sign\u00e9s, mardi, 30 mars 2021. Et ce pour un montant de 600 mille d\u2019euros (1,968 MD)\u00a0\u00bb. C\u2019est ce qu\u2019a annonc\u00e9 le minist\u00e8re des Affaires locales et de l\u2019Environnement. Il s\u2019agit du premier [&hellip;]<\/p>\n","protected":false},"author":1775,"featured_media":0,"comment_status":"closed","ping_status":"closed","sticky":false,"template":"","format":"standard","meta":{"fifu_image_url":"http:\/\/0.gravatar.com\/avatar\/97f8e10a1c1125ba104a76514ee07b16?s=150&d=mm&r=g","fifu_image_alt":"Un financement de 1,96 millions de dinars pour d\u00e9polluer le Lac de Bizerte","footnotes":""},"categories":[78,55],"tags":[],"class_list":["post-114183","post","type-post","status-publish","format-standard","hentry","category-economie","category-tunisie"],"_links":{"self":[{"href":"https:\/\/linitiative.ca\/International\/wp-json\/wp\/v2\/posts\/114183","targetHints":{"allow":["GET"]}}],"collection":[{"href":"https:\/\/linitiative.ca\/International\/wp-json\/wp\/v2\/posts"}],"about":[{"href":"https:\/\/linitiative.ca\/International\/wp-json\/wp\/v2\/types\/post"}],"author":[{"embeddable":true,"href":"https:\/\/linitiative.ca\/International\/wp-json\/wp\/v2\/users\/1775"}],"replies":[{"embeddable":true,"href":"https:\/\/linitiative.ca\/International\/wp-json\/wp\/v2\/comments?post=114183"}],"version-history":[{"count":0,"href":"https:\/\/linitiative.ca\/International\/wp-json\/wp\/v2\/posts\/114183\/revisions"}],"wp:attachment":[{"href":"https:\/\/linitiative.ca\/International\/wp-json\/wp\/v2\/media?parent=114183"}],"wp:term":[{"taxonomy":"category","embeddable":true,"href":"https:\/\/linitiative.ca\/International\/wp-json\/wp\/v2\/categories?post=114183"},{"taxonomy":"post_tag","embeddable":true,"href":"https:\/\/linitiative.ca\/International\/wp-json\/wp\/v2\/tags?post=114183"}],"curies":[{"name":"wp","href":"https:\/\/api.w.org\/{rel}","templated":true}]}}