{"id":114185,"date":"2021-04-01T17:46:05","date_gmt":"2021-04-01T21:46:05","guid":{"rendered":"https:\/\/linitiative.ca\/International\/convention-de-partenariat-pour-lamelioration-du-transport-scolaire\/"},"modified":"2021-04-01T17:46:05","modified_gmt":"2021-04-01T21:46:05","slug":"convention-de-partenariat-pour-lamelioration-du-transport-scolaire","status":"publish","type":"post","link":"https:\/\/linitiative.ca\/International\/convention-de-partenariat-pour-lamelioration-du-transport-scolaire\/","title":{"rendered":"Convention de partenariat pour l\u2019am\u00e9lioration du transport scolaire"},"content":{"rendered":"<div readability=\"38\">\n<p>Bengu\u00e9rir (province de Rehamna)- La province de Rehamna, la Soci\u00e9t\u00e9 Alsa et l\u2019Association Rehamna des services sociaux ont proc\u00e9d\u00e9, jeudi \u00e0 Bengu\u00e9rir, \u00e0 la signature d\u2019une convention de partenariat visant \u00e0 accompagner l\u2019am\u00e9lioration et le d\u00e9veloppement du transport scolaire et parascolaire au niveau de cette province.<\/p>\n<\/div>\n<div readability=\"81\">\n<p>Paraph\u00e9e par le gouverneur de la province de Rehamna, M. Aziz Bouignane, le Directeur G\u00e9n\u00e9ral de la soci\u00e9t\u00e9 Alsa, M. Alberto Perez et le pr\u00e9sident de l\u2019Association Rehamna des services sociaux, M. Khaled Mesbah, cette convention vise \u00e0 optimiser la gestion du transport scolaire et\u00a0offrir aux \u00e9l\u00e8ves une mobilit\u00e9 facile et compl\u00e8te pour qu\u2019ils puissent suivre sereinement leur parcours scolaire.<\/p>\n<p>Le transport scolaire dans la province de Rehamna a \u00e9volu\u00e9 au fil des ann\u00e9es et compte aujourd\u2019hui dans son parc plus d\u2019une centaine de v\u00e9hicules qui assurent le transport de pr\u00e8s de 11.000 \u00e9l\u00e8ves.<\/p>\n<p>Ce partenariat permettra ainsi d\u2019optimiser la gestion du transport tout en lui permettant un d\u00e9veloppement r\u00e9ussi au profit des \u00e9l\u00e8ves de l\u2019ensemble de la province.<\/p>\n<p>Par ailleurs, il sera proc\u00e9d\u00e9 \u00e9galement \u00e0 l\u2019\u00e9tude de l\u2019optimisation du parc et des plans de mobilit\u00e9 pour assurer un transport parascolaire afin de permettre aux \u00e9l\u00e8ves d\u2019acc\u00e9der \u00e0 des activit\u00e9s parascolaires en dehors de leurs \u00e9coles.<\/p>\n<p>Ce partenariat entre dans le cadre de la strat\u00e9gie de Responsabilit\u00e9 Sociale de l\u2019Entreprise Alsa qui fournira ses prestations en pro-bono.<\/p>\n<p>Intervenant \u00e0 cette occasion, M. Bouignane a soulign\u00e9 l\u2019importance d\u2019am\u00e9liorer tous les facteurs qui permettent d\u2019assurer un meilleur accompagnement des jeunes \u00e9coliers et \u00e9coli\u00e8res, notamment issus des zones rurales, dans leur parcours scolaire conform\u00e9ment aux Hautes Orientations de Sa Majest\u00e9 le Roi Mohammed VI pla\u00e7ant l\u2019\u00e9ducation au centre du d\u00e9veloppement.<\/p>\n<p>Dans ce cadre, le gouverneur a mis l\u2019accent sur la corr\u00e9lation directe entre une mobilit\u00e9 r\u00e9ussie et le succ\u00e8s de la scolarit\u00e9 des enfants de la province.<\/p>\n<p>De son c\u00f4t\u00e9, M. Alberto Perez a rappel\u00e9 que la soci\u00e9t\u00e9 Alsa est pr\u00e9sente au Maroc depuis 1999 et connait donc avec pr\u00e9cision les probl\u00e9matiques nationales du transport scolaire.<\/p>\n<p>Et d\u2019ajouter que cette entreprise dispose \u00e9galement d\u2019une exp\u00e9rience mondiale, indiquant dans ce contexte qu\u2019aux Etats Unis par exemple, le groupe g\u00e8re plus de 25.000 bus scolaires.<\/p>\n<p>M. Alberto Perez s\u2019est dit tr\u00e8s heureux de pouvoir aider la province de Rehamna \u00e0 optimiser son transport scolaire, relevant que les cadres et les ing\u00e9nieurs du groupe sont impliqu\u00e9s dans ce projet dans le cadre de la responsabilit\u00e9 sociale d\u2019entreprise.<\/p>\n<\/div>\n<p>Auteur: Mohammed KOURSI<br \/>\n<a href=\"http:\/\/www.mapmarrakech.ma\/fr\/convention-de-partenariat-pour-lamelioration-du-transport-scolaire\/\">Cliquez ici pour lire l&rsquo;article depuis sa source.<\/a><\/p>\n","protected":false},"excerpt":{"rendered":"<p>Bengu\u00e9rir (province de Rehamna)- La province de Rehamna, la Soci\u00e9t\u00e9 Alsa et l\u2019Association Rehamna des services sociaux ont proc\u00e9d\u00e9, jeudi \u00e0 Bengu\u00e9rir, \u00e0 la signature d\u2019une convention de partenariat visant \u00e0 accompagner l\u2019am\u00e9lioration et le d\u00e9veloppement du transport scolaire et parascolaire au niveau de cette province. Paraph\u00e9e par le gouverneur de la province de Rehamna, [&hellip;]<\/p>\n","protected":false},"author":1788,"featured_media":0,"comment_status":"closed","ping_status":"closed","sticky":false,"template":"","format":"standard","meta":{"fifu_image_url":"","fifu_image_alt":"","footnotes":""},"categories":[54,76],"tags":[],"class_list":["post-114185","post","type-post","status-publish","format-standard","hentry","category-maroc","category-regions"],"_links":{"self":[{"href":"https:\/\/linitiative.ca\/International\/wp-json\/wp\/v2\/posts\/114185","targetHints":{"allow":["GET"]}}],"collection":[{"href":"https:\/\/linitiative.ca\/International\/wp-json\/wp\/v2\/posts"}],"about":[{"href":"https:\/\/linitiative.ca\/International\/wp-json\/wp\/v2\/types\/post"}],"author":[{"embeddable":true,"href":"https:\/\/linitiative.ca\/International\/wp-json\/wp\/v2\/users\/1788"}],"replies":[{"embeddable":true,"href":"https:\/\/linitiative.ca\/International\/wp-json\/wp\/v2\/comments?post=114185"}],"version-history":[{"count":0,"href":"https:\/\/linitiative.ca\/International\/wp-json\/wp\/v2\/posts\/114185\/revisions"}],"wp:attachment":[{"href":"https:\/\/linitiative.ca\/International\/wp-json\/wp\/v2\/media?parent=114185"}],"wp:term":[{"taxonomy":"category","embeddable":true,"href":"https:\/\/linitiative.ca\/International\/wp-json\/wp\/v2\/categories?post=114185"},{"taxonomy":"post_tag","embeddable":true,"href":"https:\/\/linitiative.ca\/International\/wp-json\/wp\/v2\/tags?post=114185"}],"curies":[{"name":"wp","href":"https:\/\/api.w.org\/{rel}","templated":true}]}}