{"id":114186,"date":"2021-04-02T04:14:28","date_gmt":"2021-04-02T08:14:28","guid":{"rendered":"https:\/\/linitiative.ca\/International\/vers-limplication-de-la-societe-civile-dans-le-developpement\/"},"modified":"2021-04-02T04:14:28","modified_gmt":"2021-04-02T08:14:28","slug":"vers-limplication-de-la-societe-civile-dans-le-developpement","status":"publish","type":"post","link":"https:\/\/linitiative.ca\/International\/vers-limplication-de-la-societe-civile-dans-le-developpement\/","title":{"rendered":"Vers l\u2019implication de la soci\u00e9t\u00e9 civile dans le d\u00e9veloppement"},"content":{"rendered":"<div readability=\"36\">\n<p>Tahanaout (Province d\u2019Al Haouz)- Une rencontre de communication autour des moyens \u00e0 mettre en oeuvre pour une implication effective de la soci\u00e9t\u00e9 civile dans les projets de d\u00e9veloppement a eu lieu, jeudi, au si\u00e8ge de la pr\u00e9fecture de la province d\u2019Al Haouz \u00e0 Tahanaout.<\/p>\n<\/div>\n<div readability=\"72\">\n<p>Au cours de cette r\u00e9union, le gouverneur de la province, M. Rachid Benchikhi, a lou\u00e9 les efforts consentis par la soci\u00e9t\u00e9 civile et le r\u00f4le qu\u2019elle ne cesse de jouer dans la cons\u00e9cration des valeurs de citoyennet\u00e9 et de d\u00e9mocratie.<\/p>\n<p>Tout en soulignant que cette r\u00e9union s\u2019inscrit dans une d\u00e9marche participative visant \u00e0 identifier les besoins de la soci\u00e9t\u00e9 civile et \u00e0 cr\u00e9er un environnement associatif pour l\u2019\u00e9change d\u2019id\u00e9es et le renforcement des capacit\u00e9s de la soci\u00e9t\u00e9 civile, le gouverneur a rappel\u00e9 que la Constitution de 2011 a accord\u00e9 une importance capitale \u00e0 la soci\u00e9t\u00e9 civile, vu son r\u00f4le majeur dans l\u2019encadrement de la population en g\u00e9n\u00e9ral, et des jeunes en particulier, et leur accompagnement au service du d\u00e9veloppement de la soci\u00e9t\u00e9.<\/p>\n<p>M. Benchikhi a, par ailleurs, appel\u00e9 \u00e0 \u00e9laborer un plan d\u2019action, de concert avec toutes les parties concern\u00e9es, pour promouvoir le d\u00e9veloppement de la province et am\u00e9liorer les conditions de vie de la population locale \u00e0 travers une batterie de programmes.<\/p>\n<p>Dans ce sens, il a mis en exergue l\u2019importance de tenir, au niveau local, des r\u00e9unions p\u00e9riodiques de communication pour identifier et mieux comprendre les diff\u00e9rentes contraintes qui freinent l\u2019action associative, en plus d\u2019accompagner les associations actives, en les aidant \u00e0 mieux organiser leurs activit\u00e9s et \u00e0 atteindre leurs nobles objectifs.<\/p>\n<p>Pour leur part, les repr\u00e9sentants de diff\u00e9rentes associations pr\u00e9sents \u00e0 cette r\u00e9union, ont pr\u00e9sent\u00e9 un diagnostic et un \u00e9tat des lieux de l\u2019action associative au niveau provincial, appelant les autorit\u00e9s locales \u00e0 accompagner les associations dans le renouvellement de leurs bureaux et le renforcement de leur int\u00e9gration dans tous les projets de d\u00e9veloppement en cours de r\u00e9alisation dans la province.<\/p>\n<\/div>\n<p>Auteur: Mohammed KOURSI<br \/>\n<a href=\"http:\/\/www.mapmarrakech.ma\/fr\/rencontre-sur-limplication-de-la-societe-civile-dans-les-projets-de-developpement\/\">Cliquez ici pour lire l&rsquo;article depuis sa source.<\/a><\/p>\n","protected":false},"excerpt":{"rendered":"<p>Tahanaout (Province d\u2019Al Haouz)- Une rencontre de communication autour des moyens \u00e0 mettre en oeuvre pour une implication effective de la soci\u00e9t\u00e9 civile dans les projets de d\u00e9veloppement a eu lieu, jeudi, au si\u00e8ge de la pr\u00e9fecture de la province d\u2019Al Haouz \u00e0 Tahanaout. Au cours de cette r\u00e9union, le gouverneur de la province, M. [&hellip;]<\/p>\n","protected":false},"author":1788,"featured_media":0,"comment_status":"closed","ping_status":"closed","sticky":false,"template":"","format":"standard","meta":{"fifu_image_url":"","fifu_image_alt":"","footnotes":""},"categories":[54,76],"tags":[],"class_list":["post-114186","post","type-post","status-publish","format-standard","hentry","category-maroc","category-regions"],"_links":{"self":[{"href":"https:\/\/linitiative.ca\/International\/wp-json\/wp\/v2\/posts\/114186","targetHints":{"allow":["GET"]}}],"collection":[{"href":"https:\/\/linitiative.ca\/International\/wp-json\/wp\/v2\/posts"}],"about":[{"href":"https:\/\/linitiative.ca\/International\/wp-json\/wp\/v2\/types\/post"}],"author":[{"embeddable":true,"href":"https:\/\/linitiative.ca\/International\/wp-json\/wp\/v2\/users\/1788"}],"replies":[{"embeddable":true,"href":"https:\/\/linitiative.ca\/International\/wp-json\/wp\/v2\/comments?post=114186"}],"version-history":[{"count":0,"href":"https:\/\/linitiative.ca\/International\/wp-json\/wp\/v2\/posts\/114186\/revisions"}],"wp:attachment":[{"href":"https:\/\/linitiative.ca\/International\/wp-json\/wp\/v2\/media?parent=114186"}],"wp:term":[{"taxonomy":"category","embeddable":true,"href":"https:\/\/linitiative.ca\/International\/wp-json\/wp\/v2\/categories?post=114186"},{"taxonomy":"post_tag","embeddable":true,"href":"https:\/\/linitiative.ca\/International\/wp-json\/wp\/v2\/tags?post=114186"}],"curies":[{"name":"wp","href":"https:\/\/api.w.org\/{rel}","templated":true}]}}